{"id":4706,"date":"2022-06-20T09:00:35","date_gmt":"2022-06-20T07:00:35","guid":{"rendered":"https:\/\/www.primanet.hu\/blog\/?p=4706"},"modified":"2024-08-07T12:51:47","modified_gmt":"2024-08-07T10:51:47","slug":"a-befozes-bevalt-trukkjei-es-nelkulozhetetlen-eszkozei","status":"publish","type":"post","link":"https:\/\/www.primanet.hu\/blog\/a-befozes-bevalt-trukkjei-es-nelkulozhetetlen-eszkozei\/","title":{"rendered":"A bef\u0151z\u00e9s bev\u00e1lt tr\u00fckkjei \u00e9s n\u00e9lk\u00fcl\u00f6zhetetlen eszk\u00f6zei"},"content":{"rendered":"<p><strong>Bef\u0151z\u00e9ssel, savany\u00edt\u00e1ssal meg\u0151rizhetj\u00fck a ny\u00e1r \u00edzeit, \u00e9s gondoskodhatunk t\u00e9lire a gy\u00fcm\u00f6lcs\u00f6s-z\u00f6lds\u00e9ges finoms\u00e1gokr\u00f3l.<\/strong><\/p>\n<p><span style=\"font-weight: 400;\">Ahhoz, hogy a bef\u0151z\u00e9s eredm\u00e9ny\u00e9t sok\u00e1ig \u00e9lvezhess\u00fck, \u00e9s a saj\u00e1t k\u00e9sz\u00edtm\u00e9nyeinket fogyaszthassuk h\u00f3napokon \u00e1t, gondoskodnunk kell a friss gy\u00fcm\u00f6lcs\u00f6k \u00e9s z\u00f6lds\u00e9gek beszerz\u00e9s\u00e9r\u0151l, a megfelel\u0151 kell\u00e9kekr\u0151l \u00e9s az alapszab\u00e1lyok betart\u00e1s\u00e1r\u00f3l. A <\/span><a href=\"https:\/\/www.primanet.hu\/termekek\/otthon-haz\/befozes\/\"><span style=\"font-weight: 400;\">bef\u0151z\u00e9s<\/span><\/a><span style=\"font-weight: 400;\">hez itt, a Primaneten k\u00fcl\u00f6n kateg\u00f3ri\u00e1t hoztunk l\u00e9tre, ahol minden sz\u00fcks\u00e9ges eszk\u00f6z megtal\u00e1lhat\u00f3.<\/span><\/p>\n<h2><b>A sikeres bef\u0151z\u00e9s egyik titka a tisztas\u00e1g<\/b><\/h2>\n<p><span style=\"font-weight: 400;\">Bef\u0151z\u00e9s el\u0151tt az els\u0151 teend\u0151 a konyha alapos kitakar\u00edt\u00e1sa, lehet\u0151s\u00e9g szerint fert\u0151tlen\u00edt\u00e9se. Mindennek &#8211; a munkafel\u00fcletekt\u0151l az ed\u00e9nyeken \u00e1t az eszk\u00f6z\u00f6kig &#8211; makul\u00e1tlanul tiszt\u00e1nak kell lennie. Ha konyharuh\u00e1kat, text\u00edli\u00e1kat is haszn\u00e1lunk (a sz\u00f6rp\u00f6k, lekv\u00e1rok, sz\u00f3szok, bef\u0151ttek \u00e9s savany\u00fas\u00e1gok k\u00e9sz\u00edt\u00e9sekor), azokat is \u00e9rdemes kif\u0151zni, majd hagyni tiszta helyen megsz\u00e1radni. Mosogat\u00f3szivacsb\u00f3l \u00fajat vegy\u00fcnk el\u0151.<\/span><\/p>\n<p><span style=\"font-weight: 400;\">Olyan eszk\u00f6z\u00f6ket &#8211; l\u00e1basokat, fed\u0151ket, szit\u00e1kat, kanalakat, v\u00e1g\u00f3deszk\u00e1kat, mer\u0151kanalakat stb. &#8211; haszn\u00e1ljunk, amelyek vagy \u00fajak, vagy csak bef\u0151z\u00e9sre haszn\u00e1ljuk \u0151ket. Mindez az\u00e9rt l\u00e9nyeges, hogy semmilyen szennyez\u0151d\u00e9s ne ker\u00fclhessen az \u00e9lelmiszerekbe, k\u00fcl\u00f6nben azt kock\u00e1ztatjuk, hogy a bef\u0151ttjeink id\u0151 el\u0151tt megromlanak.<\/span><\/p>\n<p><span style=\"font-weight: 400;\">A bef\u0151ttes \u00fcvegeket sem el\u00e9g elmosni haszn\u00e1lat el\u0151tt, hanem ki kell \u0151ket f\u0151zni forr\u00f3 v\u00edzben a fed\u0151kkel egy\u00fctt. Itt jegyezn\u00e9nk meg, hogy az elhaszn\u00e1l\u00f3dott, s\u00e9r\u00fclt, rozsd\u00e1sod\u00e1snak indult \u00fcvegfed\u0151ket ki kell dobni.<\/span><\/p>\n<p><span style=\"font-weight: 400;\">A darabol\u00e1s \u00e9s magoz\u00e1st nem \u00e1rt gumikeszty\u0171ben v\u00e9gezni, hogy a kez\u00fcnkr\u0151l se ker\u00fclhessen szennyez\u0151d\u00e9s az \u00e9lelmiszerekbe.<\/span><\/p>\n<p><iframe title=\"YouTube video player\" src=\"https:\/\/www.youtube.com\/embed\/HIT-5DEtUlQ\" width=\"560\" height=\"315\" frameborder=\"0\" allowfullscreen=\"allowfullscreen\"><\/iframe><\/p>\n<h2><b>Milyen eszk\u00f6z\u00f6kre lesz sz\u00fcks\u00e9g\u00fcnk a bef\u0151z\u00e9shez?<\/b><\/h2>\n<p><span style=\"font-weight: 400;\">A legfontosabb term\u00e9szetesen az, hogy elegend\u0151 bef\u0151ttes \u00fcveg \u00e9s fed\u0151 \u00e1lljon rendelkez\u00e9s\u00fcnkre t\u00f6bbf\u00e9le m\u00e9retben.<\/span><\/p>\n<p><span style=\"font-weight: 400;\">F\u0151z\u00e9shez, meleg\u00edt\u00e9shez a bonyh\u00e1di <\/span><a href=\"https:\/\/www.primanet.hu\/termekek\/konyha-fozes\/konyhai-edenyek\/labasok\/?order=relevance\"><span style=\"font-weight: 400;\">zom\u00e1ncozott l\u00e1basok<\/span><\/a><span style=\"font-weight: 400;\">at, <\/span><a href=\"https:\/\/www.primanet.hu\/termekek\/konyha-fozes\/konyhai-edenyek\/fazekak\/?order=relevance\"><span style=\"font-weight: 400;\">fazekak<\/span><\/a><span style=\"font-weight: 400;\">at javasoljuk: tart\u00f3s, min\u0151s\u00e9gi ed\u00e9nyek.<\/span><\/p>\n<p><span style=\"font-weight: 400;\">F\u00fcst\u00f6l\u00e9shez, g\u0151z\u00f6l\u00e9shez, dunsztol\u00e1shoz, valamint a nagyobb mennyis\u00e9g\u0171 sz\u00f3szok \u00e9s lekv\u00e1rok elk\u00e9sz\u00edt\u00e9s\u00e9hez a k\u00fcl\u00f6nb\u00f6z\u0151 \u0171rtartalm\u00fa <\/span><a href=\"https:\/\/www.primanet.hu\/termekek\/PWS-010434-01\/zomancozott-ust-80-literes-71058.html\"><span style=\"font-weight: 400;\">\u00fcst<\/span><\/a><span style=\"font-weight: 400;\">\u00f6ket \u00e9s <\/span><a href=\"https:\/\/www.primanet.hu\/termekek\/otthon-haz\/disznovagas\/ustok-es-usthazak\/PWS-010427-01\/usthaz-matt-50-es-11862.html\"><span style=\"font-weight: 400;\">\u00fcsth\u00e1z<\/span><\/a><span style=\"font-weight: 400;\">akat aj\u00e1nlunk.<\/span><\/p>\n<p><span style=\"font-weight: 400;\">Az alapanyagokat <\/span><a href=\"https:\/\/www.primanet.hu\/termekek\/otthon-haz\/befozes\/PWS-032756-01\/home-konyhai-merleg-hg-m-05.html\"><span style=\"font-weight: 400;\">konyhai m\u00e9rleg<\/span><\/a><span style=\"font-weight: 400;\">en tudjuk grammra pontosan kim\u00e9rni.<\/span><\/p>\n<p><span style=\"font-weight: 400;\">Amire m\u00e9g biztosan sz\u00fcks\u00e9g\u00fcnk lesz: <\/span><a href=\"https:\/\/www.primanet.hu\/termekek\/PWS-031809-01\/gyumolcsmoso-24-cm-es-14400.html\"><span style=\"font-weight: 400;\">gy\u00fcm\u00f6lcsmos\u00f3 t\u00e1l<\/span><\/a><span style=\"font-weight: 400;\">, <\/span><a href=\"https:\/\/www.primanet.hu\/termekek\/konyha-fozes\/konyhai-edenyek\/labasok\/?order=relevance\"><span style=\"font-weight: 400;\">megfelel\u0151 m\u00e9ret\u0171 l\u00e1bas<\/span><\/a><span style=\"font-weight: 400;\">, <\/span><span style=\"font-weight: 400;\">zom\u00e1ncozott<\/span><span style=\"font-weight: 400;\"> t\u00e1l vagy <\/span><a href=\"https:\/\/www.primanet.hu\/termekek\/otthon-haz\/befozes\/PWS-035624-01\/muanyag-kionto-keverotal-3-l-atlatszo-172.html\"><span style=\"font-weight: 400;\">m\u0171anyag t\u00e1l<\/span><\/a><span style=\"font-weight: 400;\"> a megmosott gy\u00fcm\u00f6lcs\u00f6knek, z\u00f6lds\u00e9geknek, <\/span><a href=\"https:\/\/www.primanet.hu\/termekek\/otthon-haz\/disznovagas\/nagymeretu-fakanalak\/\"><span style=\"font-weight: 400;\">fakan\u00e1l,<\/span><\/a> <a href=\"https:\/\/www.primanet.hu\/termekek\/PWS-005113-01\/rozsdamentes-merokanal-fanyellel-125-cm-atmero-es-52-cm-hoss.html\"><span style=\"font-weight: 400;\">mer\u0151kan\u00e1l.<\/span><\/a><span style=\"font-weight: 400;\"> K\u00f6nny\u00edti a munk\u00e1t a <\/span><a href=\"https:\/\/www.primanet.hu\/termekek\/otthon-haz\/befozes\/PWS-018911-01\/fiskars-essential-hamozo-200629.html\"><span style=\"font-weight: 400;\">h\u00e1moz\u00f3<\/span><\/a><span style=\"font-weight: 400;\">, a <\/span><a href=\"https:\/\/www.primanet.hu\/termekek\/konyha-fozes\/konyhai-kesek\/keramia-kesek\/PWS-008412-01\/kyocera-nakiri-zoldseg-szeletelo-keramia-kes-15-cm-fk-150wh.html\"><span style=\"font-weight: 400;\">z\u00f6lds\u00e9g szeletel\u0151 k\u00e9s<\/span><\/a><span style=\"font-weight: 400;\">, a <\/span><span style=\"font-weight: 400;\">gy\u00fcm\u00f6lcsapr\u00edt\u00f3 g\u00e9p<\/span><span style=\"font-weight: 400;\">, a <\/span><a href=\"https:\/\/www.primanet.hu\/termekek\/konyha-fozes\/konyhai-eszkozok\/daralok\/\"><span style=\"font-weight: 400;\">dar\u00e1l\u00f3<\/span><\/a><span style=\"font-weight: 400;\">, a<\/span><a href=\"https:\/\/www.primanet.hu\/termekek\/konyha-fozes\/konyhai-eszkozok\/reszelok\/\"><span style=\"font-weight: 400;\"> reszel\u0151.<\/span><\/a><span style=\"font-weight: 400;\"> K\u00f6nnyen tiszt\u00e1n tarthat\u00f3 \u00e9s praktikus a<\/span><a href=\"https:\/\/www.primanet.hu\/termekek\/PWS-013914-01\/vagodeszka-kerek-24-cm-19073.html\"><span style=\"font-weight: 400;\">\u00a0v\u00e1g\u00f3deszka<\/span><\/a><span style=\"font-weight: 400;\">.<\/span><\/p>\n<div id=\"attachment_4709\" style=\"width: 677px\" class=\"wp-caption aligncenter\"><img decoding=\"async\" aria-describedby=\"caption-attachment-4709\" class=\"size-full wp-image-4709\" src=\"https:\/\/www.primanet.hu\/blog\/wp-content\/uploads\/2022\/06\/befozes-barack-lekvar-primanet.jpg\" alt=\"barack lekv\u00e1r bef\u0151z\u00e9se\" width=\"667\" height=\"1000\" srcset=\"https:\/\/www.primanet.hu\/blog\/wp-content\/uploads\/2022\/06\/befozes-barack-lekvar-primanet.jpg 667w, https:\/\/www.primanet.hu\/blog\/wp-content\/uploads\/2022\/06\/befozes-barack-lekvar-primanet-200x300.jpg 200w, https:\/\/www.primanet.hu\/blog\/wp-content\/uploads\/2022\/06\/befozes-barack-lekvar-primanet-585x877.jpg 585w\" sizes=\"(max-width: 667px) 100vw, 667px\" \/><p id=\"caption-attachment-4709\" class=\"wp-caption-text\">Baracklekv\u00e1r, sokak kedvence &#8211; Fot\u00f3: Yulia Khlebnikova\/Unsplash<\/p><\/div>\n<h2><b>A bef\u0151z\u00e9s nyersanyagai<\/b><\/h2>\n<p><span style=\"font-weight: 400;\">Kiz\u00e1r\u00f3lag \u00e9p, eg\u00e9szs\u00e9ges, tiszta gy\u00fcm\u00f6lcs\u00f6ket \u00e9s z\u00f6lds\u00e9geket tudunk eltenni t\u00e9lire, mivel a s\u00e9r\u00fclt szemekb\u0151l nem lehet teljesen elt\u00e1vol\u00edtani a szennyez\u0151d\u00e9st, a bakt\u00e9riumokat \u00e9s a mikroorganizmusokat, \u00edgy megromolhat a bef\u0151tt. Gy\u00fcm\u00f6lcs\u00f6kb\u0151l az \u00e9rett szemeket v\u00e1logassuk ki a lekv\u00e1rokhoz, hiszen a magasabb a cukortartalmuk miatt erre alkalmasabbak. A kev\u00e9sb\u00e9 \u00e9rett szemeket komp\u00f3t, bef\u0151tt k\u00e9sz\u00edt\u00e9s\u00e9hez haszn\u00e1lhatjuk, vagy a savany\u00fas\u00e1gokat tehetj\u00fck vel\u00fck \u00e9rdekesebb\u00e9.<\/span><\/p>\n<p><span style=\"font-weight: 400;\">J\u00f3 tudni, hogy hagyom\u00e1nyos cukor \u00f6nmag\u00e1ban is konzerv\u00e1l, \u00e9s nincsen sz\u00fcks\u00e9g tart\u00f3s\u00edt\u00f3szerre, ha a gy\u00fcm\u00f6lcsh\u00f6z k\u00e9pest 55 sz\u00e1zal\u00e9kos az ar\u00e1nya a lekv\u00e1rban. A savany\u00fa gy\u00fcm\u00f6lcs\u00f6kben a cukor hamarabb felbomlik \u00e9s keserny\u00e9ss\u00e9 v\u00e1lik, ez\u00e9rt ne f\u0151zz\u00fck t\u00fal sok\u00e1ig \u0151ket.\u00a0<\/span><\/p>\n<p><span style=\"font-weight: 400;\">Hagyom\u00e1nyos krist\u00e1lycukor helyett haszn\u00e1lhatunk a bef\u0151z\u00e9shez alternat\u00edv megold\u00e1sokat is: stevi\u00e1t, ny\u00edrfacukrot (azaz xilitolt) \u00e9s eritritolt. A stevi\u00e1val \u00f3vatosan b\u00e1njunk, f\u00e9l kg m\u00e1ln\u00e1hoz p\u00e9ld\u00e1ul el\u00e9g egy ev\u0151kan\u00e1lnyi por, 1 kg eperhez k\u00e9t te\u00e1skan\u00e1lnyi, 1,5 kg s\u00e1rgabarackhoz pedig 20 gramm. Az eritritol \u00e9des\u00edt\u0151 ereje j\u00f3val alacsonyabb, mint a r\u00e9pacukor\u00e9, n\u00e1dcukor\u00e9 vagy ny\u00edrfacukor\u00e9, ez\u00e9rt kifejezetten \u00e9des, magas cukortartalm\u00fa gy\u00fcm\u00f6lcs\u00f6k eltev\u00e9s\u00e9hez alkalmasabb.<\/span><\/p>\n<h2><b>Tart\u00f3s\u00edt\u00e1s<\/b><\/h2>\n<p><span style=\"font-weight: 400;\">Tart\u00f3s\u00edt\u00e1shoz haszn\u00e1ljunk <\/span><a href=\"https:\/\/www.primanet.hu\/termekek\/otthon-haz\/befozes\/PWS-031127-01\/natrium-benzoat-100g-14446.html\"><span style=\"font-weight: 400;\">n\u00e1trium benzo\u00e1t<\/span><\/a><span style=\"font-weight: 400;\">ot \u00e9s <\/span><a href=\"https:\/\/www.primanet.hu\/termekek\/otthon-haz\/befozes\/PWS-031126-01\/citromsav-100g-14445.html\"><span style=\"font-weight: 400;\">citromsav<\/span><\/a><span style=\"font-weight: 400;\">at, vagy v\u00e1lasszuk a klasszikus h\u0151kezel\u00e9si elj\u00e1r\u00e1sok egyik\u00e9t, a dunsztol\u00e1st vagy g\u00e9pi bef\u0151z\u00e9st.<\/span><\/p>\n<p><span style=\"font-weight: 400;\">A k\u00e9sz lekv\u00e1r g\u0151z\u00f6l\u00e9se \u00e9s lass\u00fa h\u0171t\u00e9se, a dunsztol\u00e1s is a cs\u00edr\u00e1tlan\u00edt\u00e1st szolg\u00e1lja. A sz\u00e1raz dunsztn\u00e1l az elk\u00e9sz\u00fclt lekv\u00e1rokat takar\u00f3kba, paplanokba tekerve, letakarva, 24 \u00f3ra alatt hagyjuk mag\u00e1t\u00f3l leh\u0171lni.<\/span><\/p>\n<p><span style=\"font-weight: 400;\">G\u0151z\u00f6l\u00e9sn\u00e9l vagy vizes dunsztn\u00e1l az \u00fajs\u00e1gpap\u00edrral kib\u00e9lelt \u00fcstbe vagy l\u00e1basba \u00e1ll\u00edtjuk a szint\u00e9n pap\u00edrba csomagolt bef\u0151ttes \u00fcvegeket. Lassan meleg\u00edtj\u00fck, hogy a v\u00edz ne forrjon, csup\u00e1n gy\u00f6ngy\u00f6zz\u00f6n. 15 percig hagyjuk \u0151ket a gy\u00f6ngy\u00f6z\u0151 v\u00edzben, azut\u00e1n elz\u00e1rjuk a t\u0171zhelyet, \u00e9s az \u00fcvegeket a v\u00edzben hagyjuk lassan kih\u0171lni.<\/span><\/p>\n<p><span style=\"font-weight: 400;\">Dunsztol\u00e1s helyett haszn\u00e1lhatunk <\/span><a href=\"https:\/\/www.primanet.hu\/termekek\/otthon-haz\/befozes\/PWS-024321-01\/home-befozo-automata-hg-ba-27.html\"><span style=\"font-weight: 400;\">bef\u0151z\u0151automat\u00e1k<\/span><\/a><span style=\"font-weight: 400;\">at, amelyek t\u00f6bb \u00f3r\u00e1n \u00e1t tudj\u00e1k tartani az adott h\u0151fokot, amely a lekv\u00e1rok, bef\u0151ttek, savany\u00fas\u00e1gok cs\u00edr\u00e1tlan\u00edt\u00e1s\u00e1hoz sz\u00fcks\u00e9ges. Az automat\u00e1ban cukor n\u00e9lk\u00fcl vagy \u00e9des\u00edt\u0151szerrel (m\u00e9z, eritritol, stevia) is elk\u00e9sz\u00edthet\u0151k a lekv\u00e1rok, a bef\u0151ttek, savany\u00fas\u00e1gok pedig roppan\u00f3sak maradnak, nem vesz\u00edtik el frissess\u00e9g\u00fcket, vitamintartalmukat.<\/span><\/p>\n<div id=\"attachment_4710\" style=\"width: 1010px\" class=\"wp-caption aligncenter\"><img decoding=\"async\" aria-describedby=\"caption-attachment-4710\" class=\"size-full wp-image-4710\" src=\"https:\/\/www.primanet.hu\/blog\/wp-content\/uploads\/2022\/06\/eper-lekvar-befozes-szamoca.jpg\" alt=\"eper lekv\u00e1r szam\u00f3ca bef\u0151z\u00e9se\" width=\"1000\" height=\"667\" srcset=\"https:\/\/www.primanet.hu\/blog\/wp-content\/uploads\/2022\/06\/eper-lekvar-befozes-szamoca.jpg 1000w, https:\/\/www.primanet.hu\/blog\/wp-content\/uploads\/2022\/06\/eper-lekvar-befozes-szamoca-300x200.jpg 300w, https:\/\/www.primanet.hu\/blog\/wp-content\/uploads\/2022\/06\/eper-lekvar-befozes-szamoca-768x512.jpg 768w, https:\/\/www.primanet.hu\/blog\/wp-content\/uploads\/2022\/06\/eper-lekvar-befozes-szamoca-585x390.jpg 585w\" sizes=\"(max-width: 1000px) 100vw, 1000px\" \/><p id=\"caption-attachment-4710\" class=\"wp-caption-text\">Eperlekv\u00e1r &#8211; Fot\u00f3: Markus Spiske\/Unsplash<\/p><\/div>\n<h2><b>Bef\u0151z\u00e9s ut\u00e1n hol t\u00e1roljuk a finoms\u00e1gokat?<\/b><\/h2>\n<p><span style=\"font-weight: 400;\">Sokkal tov\u00e1bb eltarthat\u00f3k a bef\u0151ttek, lekv\u00e1rok, savany\u00fas\u00e1gok, ha h\u0171v\u00f6s, sz\u00e1raz, s\u00f6t\u00e9t helyen tartjuk \u0151ket Az \u00fcvegeket \u00e9rdemes pap\u00edrral k\u00f6rbetekerni, ha az \u00e1lland\u00f3 s\u00f6t\u00e9ts\u00e9get nem tudjuk biztos\u00edtani.<\/span><\/p>\n<h2><b>N\u00e9h\u00e1ny recept \u00edzel\u00edt\u0151\u00fcl<\/b><span style=\"font-weight: 400;\">\u00a0<\/span><\/h2>\n<p><span style=\"font-weight: 400;\">Savanyk\u00e1s almadzsemhez a hozz\u00e1val\u00f3k: 1 kg megtiszt\u00edtott, magh\u00e1z n\u00e9lk\u00fcli alma, f\u00e9l citrom leve, f\u00e9l citromh\u00e9j eg\u00e9szben (csak kezeletlen citrom h\u00e9j\u00e1t haszn\u00e1lhatjuk), 70 dkg krist\u00e1lycukor. Az alm\u00e1t megmossuk, megtiszt\u00edtjuk, f\u00e9lbev\u00e1gjuk, kiv\u00e1gjuk a magh\u00e1zat, felszeletelj\u00fck. A cukorral \u00e9s 2 ev\u0151kan\u00e1lnyi v\u00edzzel feltessz\u00fck f\u0151ni. Forr\u00e1st\u00f3l sz\u00e1m\u00edtott negyed \u00f3ra m\u00falva beletessz\u00fck citromh\u00e9jat, majd \u00fajabb negyed \u00f3ra m\u00falva kivessz\u00fck a lekv\u00e1rb\u00f3l. Bele\u00f6ntj\u00fck a citromlevet, \u00e9s kocsony\u00e1sod\u00e1sig f\u0151zz\u00fck a gy\u00fcm\u00f6lcs\u00f6t. Cs\u00edr\u00e1tlan\u00edtott \u00fcvegekbe merj\u00fck, forr\u00f3n r\u00e1csavarjuk a tet\u0151t, sz\u00e1razdunsztban hagyjuk kih\u0171lni.<\/span><\/p>\n<p><span style=\"font-weight: 400;\">Magtalan m\u00e1lnalekv\u00e1rhoz sz\u00fcks\u00e9g\u00fcnk lesz 60 dkg \u00e9rett m\u00e1ln\u00e1ra, 20 dkg porcukorra, 2 ev\u0151kan\u00e1l v\u00edzre. A m\u00e1ln\u00e1t megmossuk, lecs\u00f6p\u00f6gtetj\u00fck, t\u00e1lba tessz\u00fck, \u00e9s megsz\u00f3rjuk 5 dkg porcukorral. Amikor m\u00e1r kezd levet engedni, alacsony fordulatsz\u00e1mon \u00f6sszeturmixoljuk. Szit\u00e1n \u00e1tpassz\u00edrozzuk abba a l\u00e1basba, amiben f\u0151zni fogjuk. A fennmaradt s\u0171r\u0171 p\u00e9pet fellaz\u00edtjuk 2 ev\u0151kan\u00e1l v\u00edzzel, majd azt is \u00e1tpassz\u00edrozzuk. A m\u00e1ln\u00e1hoz adjuk a marad\u00e9k porcukrot, feltessz\u00fck f\u0151ni, \u00e9s amikor bes\u0171r\u0171s\u00f6dik, 1-2 perc h\u0171l\u00e9s ut\u00e1n cs\u00edr\u00e1tlan\u00edtott \u00fcvegekbe szedj\u00fck, a tet\u0151t r\u00e1csavarjuk. Sz\u00e1raz dunsztban hagyjuk kih\u0171lni.<\/span><\/p>\n<p><span style=\"font-weight: 400;\">Eperbef\u0151tth\u00f6z a megtiszt\u00edtott, hib\u00e1tlan, \u00e9rett, kicsum\u00e1zott eperszemeket tessz\u00fck egy olyan f\u00e9l literes \u00fcvegbe, amelynek az alj\u00e1ra egy-k\u00e9t ev\u0151kan\u00e1l krist\u00e1lycukrot ter\u00edtett\u00fcnk. Az \u00fcvegeket f\u00e9lig rakjuk krist\u00e1lycukorban egyenk\u00e9nt megforgatott eperszemekkel. \u00dajabb 2 ev\u0151kan\u00e1l cukrot tesz\u00fcnk r\u00e1, majd felt\u00f6ltj\u00fck az \u00fcveget krist\u00e1lycukorba forgatott eperrel. A v\u00e9g\u00e9n a tetej\u00e9re k\u00e9shegynyi n\u00e1trium-benzo\u00e1tot sz\u00f3runk, r\u00e1csavarjuk a bef\u0151ttes\u00fcveg tetej\u00e9t, egy napig \u00e1llni hagyjuk, majd v\u00edzf\u00fcrd\u0151ben kidunsztoljuk.<\/span><\/p>\n<p><span style=\"font-weight: 400;\">M\u00e1lnasz\u00f6rp\u00f6t \u00fagy k\u00e9sz\u00edt\u00fcnk, hogy egy kilogramm gy\u00fcm\u00f6lcs\u00f6t le\u00f6nt\u00fcnk egy liter v\u00edzzel, abban k\u00e9zzel sz\u00e9tmorzsoljuk, azut\u00e1n tiszta,cs\u00edr\u00e1tlan batisztruh\u00e1n \u00e1tsz\u0171rj\u00fck, a levet megm\u00e9rj\u00fck, \u00e9s minden literhez egy kilogramm krist\u00e1lycukrot sz\u00e1molunk. Miut\u00e1n a gy\u00fcm\u00f6lcslevet cukorral \u00f6sszekevert\u00fck, literenk\u00e9nt beletesz\u00fcnk k\u00e9shegynyi bork\u0151savat \u00e9s k\u00e9shegynyi n\u00e1trium-benzo\u00e1tot. S\u00f6t\u00e9t \u00fcvegbe vagy pap\u00edrral k\u00f6rbetekert \u00fcvegbe t\u00f6ltj\u00fck.<\/span><\/p>\n<p><span style=\"font-weight: 400;\">Sz\u00f6rpk\u00e9sz\u00edt\u00e9sre a m\u00e1sik m\u00f3dszer, hogy egy r\u00e9sz m\u00e1ln\u00e1hoz harmad r\u00e9sz cukrot adunk, letakarjuk, \u00e9s egy napig \u00e1llni hagyjuk, id\u0151nk\u00e9nt megkeverj\u00fck. Ezut\u00e1n a cukros gy\u00fcm\u00f6lcs\u00f6t s\u0171r\u0171 szit\u00e1n \u00e1tpassz\u00edrozzuk, \u00e9s a szirupot zom\u00e1ncos l\u00e1basban forr\u00e1st\u00f3l sz\u00e1m\u00edtva h\u00e1rom percig f\u0151zz\u00fck. \u00dcvegekbe t\u00f6ltj\u00fck, \u00e9s az \u00fcveget l\u00e9gmentesen lez\u00e1rjuk.<\/span><\/p>\n<div id=\"attachment_4711\" style=\"width: 1010px\" class=\"wp-caption aligncenter\"><img decoding=\"async\" aria-describedby=\"caption-attachment-4711\" class=\"size-full wp-image-4711\" src=\"https:\/\/www.primanet.hu\/blog\/wp-content\/uploads\/2022\/06\/befozes-kellekei-szorpok-lekvarok-befottek.jpg\" alt=\"bef\u0151z\u00e9s \u00e9s sz\u00f6rpk\u00e9sz\u00edt\u00e9s a primaneten\" width=\"1000\" height=\"900\" srcset=\"https:\/\/www.primanet.hu\/blog\/wp-content\/uploads\/2022\/06\/befozes-kellekei-szorpok-lekvarok-befottek.jpg 1000w, https:\/\/www.primanet.hu\/blog\/wp-content\/uploads\/2022\/06\/befozes-kellekei-szorpok-lekvarok-befottek-300x270.jpg 300w, https:\/\/www.primanet.hu\/blog\/wp-content\/uploads\/2022\/06\/befozes-kellekei-szorpok-lekvarok-befottek-768x691.jpg 768w, https:\/\/www.primanet.hu\/blog\/wp-content\/uploads\/2022\/06\/befozes-kellekei-szorpok-lekvarok-befottek-585x527.jpg 585w\" sizes=\"(max-width: 1000px) 100vw, 1000px\" \/><p id=\"caption-attachment-4711\" class=\"wp-caption-text\">A saj\u00e1t sz\u00f6rp\u00f6k a legfinomabbak! Fot\u00f3:<br \/>Brooke Lark\/Unsplash<\/p><\/div>\n","protected":false},"excerpt":{"rendered":"<p>Bef\u0151z\u00e9ssel, savany\u00edt\u00e1ssal meg\u0151rizhetj\u00fck a ny\u00e1r \u00edzeit, \u00e9s gondoskodhatunk t\u00e9lire a gy\u00fcm\u00f6lcs\u00f6s-z\u00f6lds\u00e9ges finoms\u00e1gokr\u00f3l. Ahhoz, hogy a bef\u0151z\u00e9s eredm\u00e9ny\u00e9t sok\u00e1ig \u00e9lvezhess\u00fck, \u00e9s a saj\u00e1t&hellip;<\/p>\n","protected":false},"author":20,"featured_media":4708,"comment_status":"open","ping_status":"open","sticky":false,"template":"","format":"standard","meta":{"_lmt_disableupdate":"","_lmt_disable":"","footnotes":""},"categories":[2,7],"tags":[51,880,878,228,876,879,874,875,877,723,724],"class_list":["post-4706","post","type-post","status-publish","format-standard","has-post-thumbnail","hentry","category-cikkek","category-konyha-fozes","tag-befozes","tag-befozoautomata","tag-gyumolcsaprito-gep","tag-hamozokes","tag-konyhai-merleg","tag-natrium-benzoat","tag-ust","tag-usthaz","tag-vagodeszka","tag-zomancos-labas","tag-zomancozott-edeny"],"yoast_head":"<!-- This site is optimized with the Yoast SEO plugin v26.5 - https:\/\/yoast.com\/wordpress\/plugins\/seo\/ -->\n<title>A bef\u0151z\u00e9s bev\u00e1lt tr\u00fckkjei \u00e9s n\u00e9lk\u00fcl\u00f6zhetetlen eszk\u00f6zei | PrimaNet Blog<\/title>\n<meta name=\"description\" content=\"Bef\u0151z\u00e9ssel, savany\u00edt\u00e1ssal meg\u0151rizhetj\u00fck a ny\u00e1r \u00edzeit, \u00e9s gondoskodhatunk t\u00e9lire a gy\u00fcm\u00f6lcs\u00f6s-z\u00f6lds\u00e9ges finoms\u00e1gokr\u00f3l. MInden, amit a bef\u0151z\u00e9sr\u0151l tudni kell.\" \/>\n<meta name=\"robots\" content=\"index, follow, max-snippet:-1, max-image-preview:large, max-video-preview:-1\" \/>\n<link rel=\"canonical\" href=\"https:\/\/www.primanet.hu\/blog\/a-befozes-bevalt-trukkjei-es-nelkulozhetetlen-eszkozei\/\" \/>\n<meta property=\"og:locale\" content=\"hu_HU\" \/>\n<meta property=\"og:type\" content=\"article\" \/>\n<meta property=\"og:title\" content=\"A bef\u0151z\u00e9s bev\u00e1lt tr\u00fckkjei \u00e9s n\u00e9lk\u00fcl\u00f6zhetetlen eszk\u00f6zei | PrimaNet Blog\" \/>\n<meta property=\"og:description\" content=\"Bef\u0151z\u00e9ssel, savany\u00edt\u00e1ssal meg\u0151rizhetj\u00fck a ny\u00e1r \u00edzeit, \u00e9s gondoskodhatunk t\u00e9lire a gy\u00fcm\u00f6lcs\u00f6s-z\u00f6lds\u00e9ges finoms\u00e1gokr\u00f3l. MInden, amit a bef\u0151z\u00e9sr\u0151l tudni kell.\" \/>\n<meta property=\"og:url\" content=\"https:\/\/www.primanet.hu\/blog\/a-befozes-bevalt-trukkjei-es-nelkulozhetetlen-eszkozei\/\" \/>\n<meta property=\"og:site_name\" content=\"PrimaNet Blog\" \/>\n<meta property=\"article:publisher\" content=\"https:\/\/www.facebook.com\/primanetwebaruhaz\/\" \/>\n<meta property=\"article:published_time\" content=\"2022-06-20T07:00:35+00:00\" \/>\n<meta property=\"article:modified_time\" content=\"2024-08-07T10:51:47+00:00\" \/>\n<meta property=\"og:image\" content=\"https:\/\/www.primanet.hu\/blog\/wp-content\/uploads\/2022\/06\/befozesi-kisokos-befozes-eszkozei-primanet.jpg\" \/>\n\t<meta property=\"og:image:width\" content=\"1000\" \/>\n\t<meta property=\"og:image:height\" content=\"664\" \/>\n\t<meta property=\"og:image:type\" content=\"image\/jpeg\" \/>\n<meta name=\"author\" content=\"Tamara Buchala\" \/>\n<meta name=\"twitter:card\" content=\"summary_large_image\" \/>\n<meta name=\"twitter:creator\" content=\"@PrimaNetwebshop\" \/>\n<meta name=\"twitter:site\" content=\"@PrimaNetwebshop\" \/>\n<meta name=\"twitter:label1\" content=\"Szerz\u0151:\" \/>\n\t<meta name=\"twitter:data1\" content=\"Tamara Buchala\" \/>\n\t<meta name=\"twitter:label2\" content=\"Becs\u00fclt olvas\u00e1si id\u0151\" \/>\n\t<meta name=\"twitter:data2\" content=\"8 perc\" \/>\n<script type=\"application\/ld+json\" class=\"yoast-schema-graph\">{\"@context\":\"https:\/\/schema.org\",\"@graph\":[{\"@type\":\"Article\",\"@id\":\"https:\/\/www.primanet.hu\/blog\/a-befozes-bevalt-trukkjei-es-nelkulozhetetlen-eszkozei\/#article\",\"isPartOf\":{\"@id\":\"https:\/\/www.primanet.hu\/blog\/a-befozes-bevalt-trukkjei-es-nelkulozhetetlen-eszkozei\/\"},\"author\":{\"name\":\"Tamara Buchala\",\"@id\":\"https:\/\/www.primanet.hu\/blog\/#\/schema\/person\/6b6e75ff9662431c302f0cbd44f64e58\"},\"headline\":\"A bef\u0151z\u00e9s bev\u00e1lt tr\u00fckkjei \u00e9s n\u00e9lk\u00fcl\u00f6zhetetlen eszk\u00f6zei\",\"datePublished\":\"2022-06-20T07:00:35+00:00\",\"dateModified\":\"2024-08-07T10:51:47+00:00\",\"mainEntityOfPage\":{\"@id\":\"https:\/\/www.primanet.hu\/blog\/a-befozes-bevalt-trukkjei-es-nelkulozhetetlen-eszkozei\/\"},\"wordCount\":1661,\"commentCount\":0,\"publisher\":{\"@id\":\"https:\/\/www.primanet.hu\/blog\/#organization\"},\"image\":{\"@id\":\"https:\/\/www.primanet.hu\/blog\/a-befozes-bevalt-trukkjei-es-nelkulozhetetlen-eszkozei\/#primaryimage\"},\"thumbnailUrl\":\"https:\/\/www.primanet.hu\/blog\/wp-content\/uploads\/2022\/06\/befozesi-kisokos-befozes-eszkozei-primanet.jpg\",\"keywords\":[\"bef\u0151z\u00e9s\",\"bef\u0151z\u0151automata\",\"gy\u00fcm\u00f6lcsapr\u00edt\u00f3 g\u00e9p\",\"h\u00e1moz\u00f3k\u00e9s\",\"konyhai m\u00e9rleg\",\"n\u00e1trium benzo\u00e1t\",\"\u00fcst\",\"\u00fcsth\u00e1z\",\"v\u00e1g\u00f3deszka\",\"zom\u00e1ncos l\u00e1bas\",\"zom\u00e1ncozott ed\u00e9ny\"],\"articleSection\":[\"Cikkek\",\"Konyha - F\u0151z\u00e9s\"],\"inLanguage\":\"hu\",\"potentialAction\":[{\"@type\":\"CommentAction\",\"name\":\"Comment\",\"target\":[\"https:\/\/www.primanet.hu\/blog\/a-befozes-bevalt-trukkjei-es-nelkulozhetetlen-eszkozei\/#respond\"]}]},{\"@type\":\"WebPage\",\"@id\":\"https:\/\/www.primanet.hu\/blog\/a-befozes-bevalt-trukkjei-es-nelkulozhetetlen-eszkozei\/\",\"url\":\"https:\/\/www.primanet.hu\/blog\/a-befozes-bevalt-trukkjei-es-nelkulozhetetlen-eszkozei\/\",\"name\":\"A bef\u0151z\u00e9s bev\u00e1lt tr\u00fckkjei \u00e9s n\u00e9lk\u00fcl\u00f6zhetetlen eszk\u00f6zei | PrimaNet Blog\",\"isPartOf\":{\"@id\":\"https:\/\/www.primanet.hu\/blog\/#website\"},\"primaryImageOfPage\":{\"@id\":\"https:\/\/www.primanet.hu\/blog\/a-befozes-bevalt-trukkjei-es-nelkulozhetetlen-eszkozei\/#primaryimage\"},\"image\":{\"@id\":\"https:\/\/www.primanet.hu\/blog\/a-befozes-bevalt-trukkjei-es-nelkulozhetetlen-eszkozei\/#primaryimage\"},\"thumbnailUrl\":\"https:\/\/www.primanet.hu\/blog\/wp-content\/uploads\/2022\/06\/befozesi-kisokos-befozes-eszkozei-primanet.jpg\",\"datePublished\":\"2022-06-20T07:00:35+00:00\",\"dateModified\":\"2024-08-07T10:51:47+00:00\",\"description\":\"Bef\u0151z\u00e9ssel, savany\u00edt\u00e1ssal meg\u0151rizhetj\u00fck a ny\u00e1r \u00edzeit, \u00e9s gondoskodhatunk t\u00e9lire a gy\u00fcm\u00f6lcs\u00f6s-z\u00f6lds\u00e9ges finoms\u00e1gokr\u00f3l. MInden, amit a bef\u0151z\u00e9sr\u0151l tudni kell.\",\"breadcrumb\":{\"@id\":\"https:\/\/www.primanet.hu\/blog\/a-befozes-bevalt-trukkjei-es-nelkulozhetetlen-eszkozei\/#breadcrumb\"},\"inLanguage\":\"hu\",\"potentialAction\":[{\"@type\":\"ReadAction\",\"target\":[\"https:\/\/www.primanet.hu\/blog\/a-befozes-bevalt-trukkjei-es-nelkulozhetetlen-eszkozei\/\"]}]},{\"@type\":\"ImageObject\",\"inLanguage\":\"hu\",\"@id\":\"https:\/\/www.primanet.hu\/blog\/a-befozes-bevalt-trukkjei-es-nelkulozhetetlen-eszkozei\/#primaryimage\",\"url\":\"https:\/\/www.primanet.hu\/blog\/wp-content\/uploads\/2022\/06\/befozesi-kisokos-befozes-eszkozei-primanet.jpg\",\"contentUrl\":\"https:\/\/www.primanet.hu\/blog\/wp-content\/uploads\/2022\/06\/befozesi-kisokos-befozes-eszkozei-primanet.jpg\",\"width\":1000,\"height\":664,\"caption\":\"bef\u0151z\u00e9si kisokos - a bef\u0151z\u00e9s kell\u00e9kei a primaneten\"},{\"@type\":\"BreadcrumbList\",\"@id\":\"https:\/\/www.primanet.hu\/blog\/a-befozes-bevalt-trukkjei-es-nelkulozhetetlen-eszkozei\/#breadcrumb\",\"itemListElement\":[{\"@type\":\"ListItem\",\"position\":1,\"name\":\"Home\",\"item\":\"https:\/\/www.primanet.hu\/blog\/\"},{\"@type\":\"ListItem\",\"position\":2,\"name\":\"A bef\u0151z\u00e9s bev\u00e1lt tr\u00fckkjei \u00e9s n\u00e9lk\u00fcl\u00f6zhetetlen eszk\u00f6zei\"}]},{\"@type\":\"WebSite\",\"@id\":\"https:\/\/www.primanet.hu\/blog\/#website\",\"url\":\"https:\/\/www.primanet.hu\/blog\/\",\"name\":\"PrimaNet Blog\",\"description\":\"PrimaNet.hu online szak\u00e1ruh\u00e1z hivatalos blogja\",\"publisher\":{\"@id\":\"https:\/\/www.primanet.hu\/blog\/#organization\"},\"potentialAction\":[{\"@type\":\"SearchAction\",\"target\":{\"@type\":\"EntryPoint\",\"urlTemplate\":\"https:\/\/www.primanet.hu\/blog\/?s={search_term_string}\"},\"query-input\":{\"@type\":\"PropertyValueSpecification\",\"valueRequired\":true,\"valueName\":\"search_term_string\"}}],\"inLanguage\":\"hu\"},{\"@type\":\"Organization\",\"@id\":\"https:\/\/www.primanet.hu\/blog\/#organization\",\"name\":\"PrimaNet online szak\u00e1ruh\u00e1z BLOG\",\"url\":\"https:\/\/www.primanet.hu\/blog\/\",\"logo\":{\"@type\":\"ImageObject\",\"inLanguage\":\"hu\",\"@id\":\"https:\/\/www.primanet.hu\/blog\/#\/schema\/logo\/image\/\",\"url\":\"https:\/\/www.primanet.hu\/blog\/wp-content\/uploads\/2018\/12\/Primanet_logo_szines_nagy.png\",\"contentUrl\":\"https:\/\/www.primanet.hu\/blog\/wp-content\/uploads\/2018\/12\/Primanet_logo_szines_nagy.png\",\"width\":1000,\"height\":362,\"caption\":\"PrimaNet online szak\u00e1ruh\u00e1z BLOG\"},\"image\":{\"@id\":\"https:\/\/www.primanet.hu\/blog\/#\/schema\/logo\/image\/\"},\"sameAs\":[\"https:\/\/www.facebook.com\/primanetwebaruhaz\/\",\"https:\/\/x.com\/PrimaNetwebshop\",\"https:\/\/www.linkedin.com\/company\/primanet-online-szakaruhaz\/\"]},{\"@type\":\"Person\",\"@id\":\"https:\/\/www.primanet.hu\/blog\/#\/schema\/person\/6b6e75ff9662431c302f0cbd44f64e58\",\"name\":\"Tamara Buchala\",\"image\":{\"@type\":\"ImageObject\",\"inLanguage\":\"hu\",\"@id\":\"https:\/\/www.primanet.hu\/blog\/#\/schema\/person\/image\/\",\"url\":\"https:\/\/secure.gravatar.com\/avatar\/89328cb40860920e6ec365b8a8c307869953d0818fd50ff8b3ac1da0c76329e4?s=96&d=mm&r=g\",\"contentUrl\":\"https:\/\/secure.gravatar.com\/avatar\/89328cb40860920e6ec365b8a8c307869953d0818fd50ff8b3ac1da0c76329e4?s=96&d=mm&r=g\",\"caption\":\"Tamara Buchala\"},\"url\":\"https:\/\/www.primanet.hu\/blog\/author\/buchala-tamara\/\"}]}<\/script>\n<!-- \/ Yoast SEO plugin. -->","yoast_head_json":{"title":"A bef\u0151z\u00e9s bev\u00e1lt tr\u00fckkjei \u00e9s n\u00e9lk\u00fcl\u00f6zhetetlen eszk\u00f6zei | PrimaNet Blog","description":"Bef\u0151z\u00e9ssel, savany\u00edt\u00e1ssal meg\u0151rizhetj\u00fck a ny\u00e1r \u00edzeit, \u00e9s gondoskodhatunk t\u00e9lire a gy\u00fcm\u00f6lcs\u00f6s-z\u00f6lds\u00e9ges finoms\u00e1gokr\u00f3l. MInden, amit a bef\u0151z\u00e9sr\u0151l tudni kell.","robots":{"index":"index","follow":"follow","max-snippet":"max-snippet:-1","max-image-preview":"max-image-preview:large","max-video-preview":"max-video-preview:-1"},"canonical":"https:\/\/www.primanet.hu\/blog\/a-befozes-bevalt-trukkjei-es-nelkulozhetetlen-eszkozei\/","og_locale":"hu_HU","og_type":"article","og_title":"A bef\u0151z\u00e9s bev\u00e1lt tr\u00fckkjei \u00e9s n\u00e9lk\u00fcl\u00f6zhetetlen eszk\u00f6zei | PrimaNet Blog","og_description":"Bef\u0151z\u00e9ssel, savany\u00edt\u00e1ssal meg\u0151rizhetj\u00fck a ny\u00e1r \u00edzeit, \u00e9s gondoskodhatunk t\u00e9lire a gy\u00fcm\u00f6lcs\u00f6s-z\u00f6lds\u00e9ges finoms\u00e1gokr\u00f3l. MInden, amit a bef\u0151z\u00e9sr\u0151l tudni kell.","og_url":"https:\/\/www.primanet.hu\/blog\/a-befozes-bevalt-trukkjei-es-nelkulozhetetlen-eszkozei\/","og_site_name":"PrimaNet Blog","article_publisher":"https:\/\/www.facebook.com\/primanetwebaruhaz\/","article_published_time":"2022-06-20T07:00:35+00:00","article_modified_time":"2024-08-07T10:51:47+00:00","og_image":[{"width":1000,"height":664,"url":"https:\/\/www.primanet.hu\/blog\/wp-content\/uploads\/2022\/06\/befozesi-kisokos-befozes-eszkozei-primanet.jpg","type":"image\/jpeg"}],"author":"Tamara Buchala","twitter_card":"summary_large_image","twitter_creator":"@PrimaNetwebshop","twitter_site":"@PrimaNetwebshop","twitter_misc":{"Szerz\u0151:":"Tamara Buchala","Becs\u00fclt olvas\u00e1si id\u0151":"8 perc"},"schema":{"@context":"https:\/\/schema.org","@graph":[{"@type":"Article","@id":"https:\/\/www.primanet.hu\/blog\/a-befozes-bevalt-trukkjei-es-nelkulozhetetlen-eszkozei\/#article","isPartOf":{"@id":"https:\/\/www.primanet.hu\/blog\/a-befozes-bevalt-trukkjei-es-nelkulozhetetlen-eszkozei\/"},"author":{"name":"Tamara Buchala","@id":"https:\/\/www.primanet.hu\/blog\/#\/schema\/person\/6b6e75ff9662431c302f0cbd44f64e58"},"headline":"A bef\u0151z\u00e9s bev\u00e1lt tr\u00fckkjei \u00e9s n\u00e9lk\u00fcl\u00f6zhetetlen eszk\u00f6zei","datePublished":"2022-06-20T07:00:35+00:00","dateModified":"2024-08-07T10:51:47+00:00","mainEntityOfPage":{"@id":"https:\/\/www.primanet.hu\/blog\/a-befozes-bevalt-trukkjei-es-nelkulozhetetlen-eszkozei\/"},"wordCount":1661,"commentCount":0,"publisher":{"@id":"https:\/\/www.primanet.hu\/blog\/#organization"},"image":{"@id":"https:\/\/www.primanet.hu\/blog\/a-befozes-bevalt-trukkjei-es-nelkulozhetetlen-eszkozei\/#primaryimage"},"thumbnailUrl":"https:\/\/www.primanet.hu\/blog\/wp-content\/uploads\/2022\/06\/befozesi-kisokos-befozes-eszkozei-primanet.jpg","keywords":["bef\u0151z\u00e9s","bef\u0151z\u0151automata","gy\u00fcm\u00f6lcsapr\u00edt\u00f3 g\u00e9p","h\u00e1moz\u00f3k\u00e9s","konyhai m\u00e9rleg","n\u00e1trium benzo\u00e1t","\u00fcst","\u00fcsth\u00e1z","v\u00e1g\u00f3deszka","zom\u00e1ncos l\u00e1bas","zom\u00e1ncozott ed\u00e9ny"],"articleSection":["Cikkek","Konyha - F\u0151z\u00e9s"],"inLanguage":"hu","potentialAction":[{"@type":"CommentAction","name":"Comment","target":["https:\/\/www.primanet.hu\/blog\/a-befozes-bevalt-trukkjei-es-nelkulozhetetlen-eszkozei\/#respond"]}]},{"@type":"WebPage","@id":"https:\/\/www.primanet.hu\/blog\/a-befozes-bevalt-trukkjei-es-nelkulozhetetlen-eszkozei\/","url":"https:\/\/www.primanet.hu\/blog\/a-befozes-bevalt-trukkjei-es-nelkulozhetetlen-eszkozei\/","name":"A bef\u0151z\u00e9s bev\u00e1lt tr\u00fckkjei \u00e9s n\u00e9lk\u00fcl\u00f6zhetetlen eszk\u00f6zei | PrimaNet Blog","isPartOf":{"@id":"https:\/\/www.primanet.hu\/blog\/#website"},"primaryImageOfPage":{"@id":"https:\/\/www.primanet.hu\/blog\/a-befozes-bevalt-trukkjei-es-nelkulozhetetlen-eszkozei\/#primaryimage"},"image":{"@id":"https:\/\/www.primanet.hu\/blog\/a-befozes-bevalt-trukkjei-es-nelkulozhetetlen-eszkozei\/#primaryimage"},"thumbnailUrl":"https:\/\/www.primanet.hu\/blog\/wp-content\/uploads\/2022\/06\/befozesi-kisokos-befozes-eszkozei-primanet.jpg","datePublished":"2022-06-20T07:00:35+00:00","dateModified":"2024-08-07T10:51:47+00:00","description":"Bef\u0151z\u00e9ssel, savany\u00edt\u00e1ssal meg\u0151rizhetj\u00fck a ny\u00e1r \u00edzeit, \u00e9s gondoskodhatunk t\u00e9lire a gy\u00fcm\u00f6lcs\u00f6s-z\u00f6lds\u00e9ges finoms\u00e1gokr\u00f3l. MInden, amit a bef\u0151z\u00e9sr\u0151l tudni kell.","breadcrumb":{"@id":"https:\/\/www.primanet.hu\/blog\/a-befozes-bevalt-trukkjei-es-nelkulozhetetlen-eszkozei\/#breadcrumb"},"inLanguage":"hu","potentialAction":[{"@type":"ReadAction","target":["https:\/\/www.primanet.hu\/blog\/a-befozes-bevalt-trukkjei-es-nelkulozhetetlen-eszkozei\/"]}]},{"@type":"ImageObject","inLanguage":"hu","@id":"https:\/\/www.primanet.hu\/blog\/a-befozes-bevalt-trukkjei-es-nelkulozhetetlen-eszkozei\/#primaryimage","url":"https:\/\/www.primanet.hu\/blog\/wp-content\/uploads\/2022\/06\/befozesi-kisokos-befozes-eszkozei-primanet.jpg","contentUrl":"https:\/\/www.primanet.hu\/blog\/wp-content\/uploads\/2022\/06\/befozesi-kisokos-befozes-eszkozei-primanet.jpg","width":1000,"height":664,"caption":"bef\u0151z\u00e9si kisokos - a bef\u0151z\u00e9s kell\u00e9kei a primaneten"},{"@type":"BreadcrumbList","@id":"https:\/\/www.primanet.hu\/blog\/a-befozes-bevalt-trukkjei-es-nelkulozhetetlen-eszkozei\/#breadcrumb","itemListElement":[{"@type":"ListItem","position":1,"name":"Home","item":"https:\/\/www.primanet.hu\/blog\/"},{"@type":"ListItem","position":2,"name":"A bef\u0151z\u00e9s bev\u00e1lt tr\u00fckkjei \u00e9s n\u00e9lk\u00fcl\u00f6zhetetlen eszk\u00f6zei"}]},{"@type":"WebSite","@id":"https:\/\/www.primanet.hu\/blog\/#website","url":"https:\/\/www.primanet.hu\/blog\/","name":"PrimaNet Blog","description":"PrimaNet.hu online szak\u00e1ruh\u00e1z hivatalos blogja","publisher":{"@id":"https:\/\/www.primanet.hu\/blog\/#organization"},"potentialAction":[{"@type":"SearchAction","target":{"@type":"EntryPoint","urlTemplate":"https:\/\/www.primanet.hu\/blog\/?s={search_term_string}"},"query-input":{"@type":"PropertyValueSpecification","valueRequired":true,"valueName":"search_term_string"}}],"inLanguage":"hu"},{"@type":"Organization","@id":"https:\/\/www.primanet.hu\/blog\/#organization","name":"PrimaNet online szak\u00e1ruh\u00e1z BLOG","url":"https:\/\/www.primanet.hu\/blog\/","logo":{"@type":"ImageObject","inLanguage":"hu","@id":"https:\/\/www.primanet.hu\/blog\/#\/schema\/logo\/image\/","url":"https:\/\/www.primanet.hu\/blog\/wp-content\/uploads\/2018\/12\/Primanet_logo_szines_nagy.png","contentUrl":"https:\/\/www.primanet.hu\/blog\/wp-content\/uploads\/2018\/12\/Primanet_logo_szines_nagy.png","width":1000,"height":362,"caption":"PrimaNet online szak\u00e1ruh\u00e1z BLOG"},"image":{"@id":"https:\/\/www.primanet.hu\/blog\/#\/schema\/logo\/image\/"},"sameAs":["https:\/\/www.facebook.com\/primanetwebaruhaz\/","https:\/\/x.com\/PrimaNetwebshop","https:\/\/www.linkedin.com\/company\/primanet-online-szakaruhaz\/"]},{"@type":"Person","@id":"https:\/\/www.primanet.hu\/blog\/#\/schema\/person\/6b6e75ff9662431c302f0cbd44f64e58","name":"Tamara Buchala","image":{"@type":"ImageObject","inLanguage":"hu","@id":"https:\/\/www.primanet.hu\/blog\/#\/schema\/person\/image\/","url":"https:\/\/secure.gravatar.com\/avatar\/89328cb40860920e6ec365b8a8c307869953d0818fd50ff8b3ac1da0c76329e4?s=96&d=mm&r=g","contentUrl":"https:\/\/secure.gravatar.com\/avatar\/89328cb40860920e6ec365b8a8c307869953d0818fd50ff8b3ac1da0c76329e4?s=96&d=mm&r=g","caption":"Tamara Buchala"},"url":"https:\/\/www.primanet.hu\/blog\/author\/buchala-tamara\/"}]}},"_links":{"self":[{"href":"https:\/\/www.primanet.hu\/blog\/wp-json\/wp\/v2\/posts\/4706","targetHints":{"allow":["GET"]}}],"collection":[{"href":"https:\/\/www.primanet.hu\/blog\/wp-json\/wp\/v2\/posts"}],"about":[{"href":"https:\/\/www.primanet.hu\/blog\/wp-json\/wp\/v2\/types\/post"}],"author":[{"embeddable":true,"href":"https:\/\/www.primanet.hu\/blog\/wp-json\/wp\/v2\/users\/20"}],"replies":[{"embeddable":true,"href":"https:\/\/www.primanet.hu\/blog\/wp-json\/wp\/v2\/comments?post=4706"}],"version-history":[{"count":5,"href":"https:\/\/www.primanet.hu\/blog\/wp-json\/wp\/v2\/posts\/4706\/revisions"}],"predecessor-version":[{"id":5695,"href":"https:\/\/www.primanet.hu\/blog\/wp-json\/wp\/v2\/posts\/4706\/revisions\/5695"}],"wp:featuredmedia":[{"embeddable":true,"href":"https:\/\/www.primanet.hu\/blog\/wp-json\/wp\/v2\/media\/4708"}],"wp:attachment":[{"href":"https:\/\/www.primanet.hu\/blog\/wp-json\/wp\/v2\/media?parent=4706"}],"wp:term":[{"taxonomy":"category","embeddable":true,"href":"https:\/\/www.primanet.hu\/blog\/wp-json\/wp\/v2\/categories?post=4706"},{"taxonomy":"post_tag","embeddable":true,"href":"https:\/\/www.primanet.hu\/blog\/wp-json\/wp\/v2\/tags?post=4706"}],"curies":[{"name":"wp","href":"https:\/\/api.w.org\/{rel}","templated":true}]}}