{"id":2800,"date":"2018-03-20T09:49:30","date_gmt":"2018-03-20T09:49:30","guid":{"rendered":"https:\/\/primanetblog.hu\/?p=2800"},"modified":"2022-10-02T23:15:30","modified_gmt":"2022-10-02T21:15:30","slug":"nagy-faba-vagjuk-a-fejszet-vagy-baltat-szekercet","status":"publish","type":"post","link":"https:\/\/www.primanet.hu\/blog\/nagy-faba-vagjuk-a-fejszet-vagy-baltat-szekercet\/","title":{"rendered":"Nagy f\u00e1ba v\u00e1gjuk a fejsz\u00e9t! Vagy balt\u00e1t? Szekerc\u00e9t?"},"content":{"rendered":"<p><b>Fejsze, balta, szekerce\u2026 mi a k\u00fcl\u00f6nbs\u00e9g? A kerti munk\u00e1t \u00e9s bark\u00e1csol\u00e1st kedvel\u0151k tartsanak vel\u00fcnk!<\/b><\/p>\n<p><span style=\"font-weight: 400;\">Seg\u00edt\u00fcnk eligazodni a fejsze, balta \u00e9s szekerce k\u00f6z\u00f6tti k\u00fcl\u00f6nbs\u00e9gekben, amelyeket \u00e9rdemes megismerni\u00fck mindazoknak, akik a hasogat\u00f3 fejf\u00e1j\u00e1s helyett rendszeresen k\u00fczdenek hasogatni val\u00f3 f\u00e1val. Miel\u0151tt r\u00e1t\u00e9r\u00fcnk a szersz\u00e1mok k\u00f6z\u00f6tti elt\u00e9r\u00e9sekre, ejts\u00fcnk sz\u00f3t a hasonl\u00f3s\u00e1gokr\u00f3l is: mindh\u00e1rom <\/span><b>ny\u00e9lre r\u00f6gz\u00edtett vagy egybekov\u00e1csolt, a ny\u00e9llel p\u00e1rhuzamos v\u00e1g\u00f3 \u00e9llel ell\u00e1tott ac\u00e9lfejjel rendelkez\u0151 eszk\u00f6z<\/b><span style=\"font-weight: 400;\">, amelyeket azonban k\u00fcl\u00f6nb\u00f6z\u0151 c\u00e9lra haszn\u00e1lhatunk.<\/span><\/p>\n<h2><span style=\"font-weight: 400;\">Fejsze<\/span><\/h2>\n<p><span style=\"font-weight: 400;\">A h\u00e1rom eszk\u00f6z k\u00f6z\u00fcl a <\/span><b>fejsze <\/b><span style=\"font-weight: 400;\">a legnagyobb m\u00e9ret\u0171. Olyan <\/span><b>k\u00e9t k\u00e9zzel <\/b><span style=\"font-weight: 400;\">megragadhat\u00f3 <\/span><b>fav\u00e1g\u00f3 szersz\u00e1m<\/b><span style=\"font-weight: 400;\">, amely megfelel\u0151 \u00e1ll\u00f3 fa d\u00f6nt\u00e9s\u00e9re, \u00e1gaz\u00e1s\u00e1ra, nagyobb r\u00f6nk\u00f6k has\u00edt\u00e1s\u00e1ra. A fejsz\u00e9k fej\u00e9nek kialak\u00edt\u00e1sa tekintet\u00e9ben megk\u00fcl\u00f6nb\u00f6ztet\u00fcnk <\/span><b>d\u00f6nt\u0151fejsz\u00e9t <\/b><span style=\"font-weight: 400;\">(fa <\/span><b>sz\u00e1lir\u00e1ny\u00e1ra mer\u0151legesen<\/b><span style=\"font-weight: 400;\"> t\u00f6rt\u00e9nik a v\u00e1g\u00e1s), \u00e9s <\/span><a href=\"https:\/\/www.primanet.hu\/termekek\/kert\/baltak-fejszek\/PWS-020191-01\/extol-premium-hasito-fejsze-ekes-nylon-nyel-155-kg-8871157.html?utm_source=blog&amp;utm_medium=direct&amp;utm_campaign=fejszebalta_marcius&amp;utm_content=klikkmania\"><b>has\u00edt\u00f3fejsz\u00e9t<\/b><\/a><span style=\"font-weight: 400;\"> (v\u00e1g\u00e1s a <\/span><b>sz\u00e1lir\u00e1ny ment\u00e9n<\/b><span style=\"font-weight: 400;\">).\u00a0<\/span><span style=\"font-weight: 400;\">A <\/span><b>d\u00f6nt\u0151fejsz\u00e9t fa kiv\u00e1g\u00e1sra<\/b><span style=\"font-weight: 400;\"> haszn\u00e1lj\u00e1k, a <\/span><b>has\u00edt\u00f3fejsz\u00e9t<\/b><span style=\"font-weight: 400;\"> pedig ink\u00e1bb <\/span><b>far\u00f6nk\u00f6k has\u00edt\u00e1s\u00e1ra<\/b><span style=\"font-weight: 400;\">. Lehetnek <a href=\"https:\/\/www.primanet.hu\/termekek\/kert\/baltak-fejszek\/PWS-010277-01\/fiskars-ronkhasito-fejsze-x21-l-122473.html\">m\u0171anyag nyel\u0171<\/a>, <a href=\"https:\/\/www.primanet.hu\/termekek\/kert\/kerti-keziszerszamok\/baltak-fejszek\/\">fa nyel\u0171 fejsz\u00e9k<\/a>, de <a href=\"https:\/\/www.primanet.hu\/termekek\/kert\/baltak-fejszek\/PWS-009872-01\/fejsze-uvegszalas-nyellel-060-kg-14236.html\">\u00fcvegsz\u00e1las ny\u00e9llel k\u00e9sz\u00fclt fejsz\u00e9k<\/a> is. <\/span><span style=\"font-weight: 400;\">Kialak\u00edt\u00e1suk ma is korszer\u0171 \u00e9s megb\u00edzhat\u00f3 eszk\u00f6zz\u00e9 teszik \u0151ket. Ha mindez nem volna el\u00e9g az eszk\u00f6z beazonos\u00edt\u00e1shoz, keress\u00fck a szersz\u00e1mot haszn\u00e1l\u00f3n a k\u00f6vetkez\u0151 ismertet\u0151jegyeket: \u201cfav\u00e1g\u00f3-kock\u00e1s\u201d ing \u00e9s szak\u00e1ll. Ha ez stimmel, val\u00f3sz\u00edn\u0171leg fejsze lesz a kez\u00e9ben, \u00e9s b\u00edzzunk benne, hogy nem fog olyan \u0151r\u00fclten vigyorogni, mint Jack Nicholson a Ragyog\u00e1sban! \u00a0\u00a0\u00a0<\/span><\/p>\n<h2><span style=\"font-weight: 400;\">Balta <\/span><\/h2>\n<p><span style=\"font-weight: 400;\">A balta a fejsz\u00e9vel ellent\u00e9tben jellemz\u0151en <\/span><b>egykezes <\/b><span style=\"font-weight: 400;\">szersz\u00e1m. <\/span><b>K\u00f6zepes vagy r\u00f6vid ny\u00e9llel <\/b><span style=\"font-weight: 400;\">rendelkezik, amely ez esetben is <a href=\"https:\/\/www.primanet.hu\/termekek\/kert\/kerti-keziszerszamok\/baltak-fejszek\/PWS-042417-01\/balta-600g-fanyellel-6113121.html\">fa ny\u00e9llel<\/a><\/span><span style=\"font-weight: 400;\">, m\u0171anyagb\u00f3l\u00a0<\/span><span style=\"font-weight: 400;\">vagy <a href=\"https:\/\/www.primanet.hu\/termekek\/kert\/kerti-keziszerszamok\/baltak-fejszek\/PWS-022417-01\/hecht-univerzalis-balta-600-g-hecht-900600.html\">\u00fcvegsz\u00e1lb\u00f3l k\u00e9sz\u00fclt ny\u00e9llel<\/a><\/span><span style=\"font-weight: 400;\">\u00a0ker\u00fcl kialak\u00edt\u00e1sra. <\/span><b>Kisebb fahas\u00e1bok apr\u00edt\u00e1s\u00e1hoz<\/b><span style=\"font-weight: 400;\"> megfelel\u0151 eszk\u00f6z, remek v\u00e1laszt\u00e1s p\u00e9ld\u00e1ul gy\u00fajt\u00f3s k\u00e9sz\u00edt\u00e9s\u00e9hez. Az \u00fan. <\/span><b>kisbalta <\/b><span style=\"font-weight: 400;\">vagy <\/span><a href=\"https:\/\/www.primanet.hu\/termekek\/kert\/baltak-fejszek\/PWS-006493-01\/extol-vadasz-es-tura-balta-8855310.html\"><b>t\u00farabalta<\/b><\/a> <span style=\"font-weight: 400;\">pedig t\u00far\u00e1z\u00e1shoz, <\/span><a href=\"https:\/\/www.primanet.hu\/blog\/erkezik-a-tavasz-lassan-itt-a-kempingszezon\/\"><span style=\"font-weight: 400;\">kempingez\u00e9shez<\/span><\/a> <span style=\"font-weight: 400;\">val\u00f3 praktikus c\u00e9lszersz\u00e1m.<\/span><\/p>\n<h2><span style=\"font-weight: 400;\">Szekerce <\/span><\/h2>\n<p><span style=\"font-weight: 400;\">A szekerce a<\/span><b> fa apr\u00f3l\u00e9kosabb megmunk\u00e1l\u00e1s\u00e1ra<\/b><span style=\"font-weight: 400;\"> szolg\u00e1l\u00f3 eszk\u00f6z. <\/span><b>Fafarag\u00f3k, \u00e1csok, asztalosok<\/b><span style=\"font-weight: 400;\"> kedvelt szersz\u00e1ma, melynek<\/span><b> k\u00f6zepes vagy r\u00f6vid nyele<\/b><span style=\"font-weight: 400;\"> van. A <\/span><b>peng\u00e9je sz\u00e9les<\/b><span style=\"font-weight: 400;\"> \u00e9s a kik\u00e9pz\u00e9se lehet\u0151v\u00e9 teszi, hogy a fej t\u00f6v\u00e9n\u00e9l is meg lehessen markolni. Emiatt a tulajdons\u00e1ga miatt finomabb munk\u00e1kra is alkalmas, mint a fejsze vagy a balta. Rendszerint fellelhet\u0151 a szekerce fej\u00e9n valamilyen <\/span><b>bev\u00e1g\u00e1s, horony<\/b><span style=\"font-weight: 400;\"> (azaz hossz\u00fak\u00e1s bar\u00e1zda), amelynek seg\u00edts\u00e9g\u00e9vel ki lehet h\u00fazni a<\/span><b> sz\u00f6get a f\u00e1b\u00f3l<\/b><span style=\"font-weight: 400;\">. K\u00fcl\u00f6n\u00f6sen praktikus szersz\u00e1m, hiszen a fejsz\u00e9vel \u00e9s a balt\u00e1val ellent\u00e9tben a <\/span><b>szekerce fej\u00e9nek tompa v\u00e9ge kalap\u00e1l\u00e1sra<\/b><span style=\"font-weight: 400;\"> is alkalmas. <a href=\"https:\/\/www.primanet.hu\/termekek\/kert\/baltak-fejszek\/PWS-009318-01\/widerway-acsszekerce-100-kg-jobbos-13882.html\">Jobbbkezes<\/a>\u00a0<\/span><span style=\"font-weight: 400;\">\u00e9s <a href=\"https:\/\/www.primanet.hu\/termekek\/kert\/baltak-fejszek\/PWS-009316-01\/widerway-acsszekerce-100-kg-balos-10211.html\">balkezes<\/a> is kaphat\u00f3<\/span><span style=\"font-weight: 400;\">.<\/span><\/p>\n<h2><span style=\"font-weight: 400;\">Mire \u00fcgyelj m\u00e9g?<\/span><\/h2>\n<p><span style=\"font-weight: 400;\">Ha fejsz\u00e9t, balt\u00e1t vagy szekerc\u00e9t szeretn\u00e9l v\u00e1s\u00e1rolni, \u00e9rdemes beszerezned mell\u00e9 egy megb\u00edzhat\u00f3 <\/span><a href=\"https:\/\/www.primanet.hu\/termekek\/kert\/baltak-fejszek\/PWS-007832-01\/fiskars-xsharp-fejsze-es-keselezo-120740.html\"><span style=\"font-weight: 400;\">fejsze-\u00e9s k\u00e9s\u00e9lez\u0151t<\/span><\/a><span style=\"font-weight: 400;\">, amely nagyon j\u00f3 szolg\u00e1latot tehet az \u00e9vek sor\u00e1n, hiszen meg\u0151rizheted vele a fej kifog\u00e1stalan \u00e9less\u00e9g\u00e9t. Arra is \u00fcgyelj, hogy ne csak a haszn\u00e1lat sor\u00e1n l\u00e9gy \u00f3vatos, hanem a t\u00e1rol\u00e1sn\u00e1l is maradj k\u00f6r\u00fcltekint\u0151. A legt\u00f6bb eszk\u00f6z <\/span><b>speci\u00e1lis tokkal <\/b><span style=\"font-weight: 400;\">rendelkezik, amelyen gyakran <\/span><b>biztons\u00e1gi z\u00e1r <\/b><span style=\"font-weight: 400;\">tal\u00e1lhat\u00f3. Ezt k\u00f6nny\u0171 kinyitni \u00e9s z\u00e1rni, m\u00e9gis v\u00e9d a v\u00e9letlenszer\u0171 nyit\u00e1s ellen, r\u00e1ad\u00e1sul k\u00e9nyelmes fog\u00e1st biztos\u00edt az eszk\u00f6z sz\u00e1ll\u00edt\u00e1skor. Mindenk\u00e9ppen javasolt a haszn\u00e1lata, hiszen komoly baleseteket v\u00e9dhetsz ki \u00e1ltala! <\/span><\/p>\n<p><b>Rem\u00e9lj\u00fck a seg\u00edts\u00e9gedre lehett\u00fcnk a d\u00f6nt\u00e9sben \u00e9s \u00f6sszefoglal\u00f3nk nem volt \u201cveszett fejsze nyele\u201d. Eredm\u00e9nyes \u00e9s biztons\u00e1gos munk\u00e1t k\u00edv\u00e1nunk!<\/b><\/p>\n<p><img decoding=\"async\" class=\"aligncenter size-full wp-image-4889\" src=\"https:\/\/www.primanet.hu\/blog\/wp-content\/uploads\/2018\/03\/fejsze-balta.jpg\" alt=\"fejsze \u00e9s balta\" width=\"900\" height=\"600\" srcset=\"https:\/\/www.primanet.hu\/blog\/wp-content\/uploads\/2018\/03\/fejsze-balta.jpg 900w, https:\/\/www.primanet.hu\/blog\/wp-content\/uploads\/2018\/03\/fejsze-balta-300x200.jpg 300w, https:\/\/www.primanet.hu\/blog\/wp-content\/uploads\/2018\/03\/fejsze-balta-768x512.jpg 768w, https:\/\/www.primanet.hu\/blog\/wp-content\/uploads\/2018\/03\/fejsze-balta-585x390.jpg 585w\" sizes=\"(max-width: 900px) 100vw, 900px\" \/><\/p>\n","protected":false},"excerpt":{"rendered":"<p>Fejsze, balta, szekerce\u2026 mi a k\u00fcl\u00f6nbs\u00e9g? A kerti munk\u00e1t \u00e9s bark\u00e1csol\u00e1st kedvel\u0151k tartsanak vel\u00fcnk! Seg\u00edt\u00fcnk eligazodni a fejsze, balta \u00e9s szekerce k\u00f6z\u00f6tti&hellip;<\/p>\n","protected":false},"author":9,"featured_media":2810,"comment_status":"closed","ping_status":"closed","sticky":false,"template":"","format":"standard","meta":{"_lmt_disableupdate":"","_lmt_disable":"","footnotes":""},"categories":[2,8],"tags":[40,134,167,456,520],"class_list":["post-2800","post","type-post","status-publish","format-standard","has-post-thumbnail","hentry","category-cikkek","category-muhely","tag-balta","tag-fejsze","tag-furesz","tag-primanet","tag-szekerce"],"yoast_head":"<!-- This site is optimized with the Yoast SEO plugin v26.5 - https:\/\/yoast.com\/wordpress\/plugins\/seo\/ -->\n<title>Nagy f\u00e1ba v\u00e1gjuk a fejsz\u00e9t! Vagy balt\u00e1t? Szekerc\u00e9t? | PrimaNet Blog<\/title>\n<meta name=\"description\" content=\"Seg\u00edt\u00fcnk eligazodni a fejsze, balta \u00e9s szekerce k\u00f6z\u00f6tti k\u00fcl\u00f6nbs\u00e9gekben, amelyeket \u00e9rdemes megismerni\u00fck azoknak, akik hasogatni val\u00f3 f\u00e1val k\u00fczdenek.\" \/>\n<meta name=\"robots\" content=\"index, follow, max-snippet:-1, max-image-preview:large, max-video-preview:-1\" \/>\n<link rel=\"canonical\" href=\"https:\/\/www.primanet.hu\/blog\/nagy-faba-vagjuk-a-fejszet-vagy-baltat-szekercet\/\" \/>\n<meta property=\"og:locale\" content=\"hu_HU\" \/>\n<meta property=\"og:type\" content=\"article\" \/>\n<meta property=\"og:title\" content=\"Nagy f\u00e1ba v\u00e1gjuk a fejsz\u00e9t! Vagy balt\u00e1t? Szekerc\u00e9t? | PrimaNet Blog\" \/>\n<meta property=\"og:description\" content=\"Seg\u00edt\u00fcnk eligazodni a fejsze, balta \u00e9s szekerce k\u00f6z\u00f6tti k\u00fcl\u00f6nbs\u00e9gekben, amelyeket \u00e9rdemes megismerni\u00fck azoknak, akik hasogatni val\u00f3 f\u00e1val k\u00fczdenek.\" \/>\n<meta property=\"og:url\" content=\"https:\/\/www.primanet.hu\/blog\/nagy-faba-vagjuk-a-fejszet-vagy-baltat-szekercet\/\" \/>\n<meta property=\"og:site_name\" content=\"PrimaNet Blog\" \/>\n<meta property=\"article:publisher\" content=\"https:\/\/www.facebook.com\/primanetwebaruhaz\/\" \/>\n<meta property=\"article:published_time\" content=\"2018-03-20T09:49:30+00:00\" \/>\n<meta property=\"article:modified_time\" content=\"2022-10-02T21:15:30+00:00\" \/>\n<meta property=\"og:image\" content=\"https:\/\/www.primanet.hu\/blog\/wp-content\/uploads\/2018\/03\/fejsze.jpg\" \/>\n\t<meta property=\"og:image:width\" content=\"1200\" \/>\n\t<meta property=\"og:image:height\" content=\"630\" \/>\n\t<meta property=\"og:image:type\" content=\"image\/jpeg\" \/>\n<meta name=\"author\" content=\"Verh\u00f3czki Istv\u00e1n\" \/>\n<meta name=\"twitter:card\" content=\"summary_large_image\" \/>\n<meta name=\"twitter:creator\" content=\"@PrimaNetwebshop\" \/>\n<meta name=\"twitter:site\" content=\"@PrimaNetwebshop\" \/>\n<meta name=\"twitter:label1\" content=\"Szerz\u0151:\" \/>\n\t<meta name=\"twitter:data1\" content=\"Verh\u00f3czki Istv\u00e1n\" \/>\n\t<meta name=\"twitter:label2\" content=\"Becs\u00fclt olvas\u00e1si id\u0151\" \/>\n\t<meta name=\"twitter:data2\" content=\"4 perc\" \/>\n<script type=\"application\/ld+json\" class=\"yoast-schema-graph\">{\"@context\":\"https:\/\/schema.org\",\"@graph\":[{\"@type\":\"Article\",\"@id\":\"https:\/\/www.primanet.hu\/blog\/nagy-faba-vagjuk-a-fejszet-vagy-baltat-szekercet\/#article\",\"isPartOf\":{\"@id\":\"https:\/\/www.primanet.hu\/blog\/nagy-faba-vagjuk-a-fejszet-vagy-baltat-szekercet\/\"},\"author\":{\"name\":\"Verh\u00f3czki Istv\u00e1n\",\"@id\":\"https:\/\/www.primanet.hu\/blog\/#\/schema\/person\/d6a2e86571cf1e21fa8be916b2cf7900\"},\"headline\":\"Nagy f\u00e1ba v\u00e1gjuk a fejsz\u00e9t! Vagy balt\u00e1t? Szekerc\u00e9t?\",\"datePublished\":\"2018-03-20T09:49:30+00:00\",\"dateModified\":\"2022-10-02T21:15:30+00:00\",\"mainEntityOfPage\":{\"@id\":\"https:\/\/www.primanet.hu\/blog\/nagy-faba-vagjuk-a-fejszet-vagy-baltat-szekercet\/\"},\"wordCount\":737,\"publisher\":{\"@id\":\"https:\/\/www.primanet.hu\/blog\/#organization\"},\"image\":{\"@id\":\"https:\/\/www.primanet.hu\/blog\/nagy-faba-vagjuk-a-fejszet-vagy-baltat-szekercet\/#primaryimage\"},\"thumbnailUrl\":\"https:\/\/www.primanet.hu\/blog\/wp-content\/uploads\/2018\/03\/fejsze.jpg\",\"keywords\":[\"balta\",\"fejsze\",\"f\u0171r\u00e9sz\",\"PrimaNet\",\"szekerce\"],\"articleSection\":[\"Cikkek\",\"M\u0171hely\"],\"inLanguage\":\"hu\"},{\"@type\":\"WebPage\",\"@id\":\"https:\/\/www.primanet.hu\/blog\/nagy-faba-vagjuk-a-fejszet-vagy-baltat-szekercet\/\",\"url\":\"https:\/\/www.primanet.hu\/blog\/nagy-faba-vagjuk-a-fejszet-vagy-baltat-szekercet\/\",\"name\":\"Nagy f\u00e1ba v\u00e1gjuk a fejsz\u00e9t! Vagy balt\u00e1t? Szekerc\u00e9t? | PrimaNet Blog\",\"isPartOf\":{\"@id\":\"https:\/\/www.primanet.hu\/blog\/#website\"},\"primaryImageOfPage\":{\"@id\":\"https:\/\/www.primanet.hu\/blog\/nagy-faba-vagjuk-a-fejszet-vagy-baltat-szekercet\/#primaryimage\"},\"image\":{\"@id\":\"https:\/\/www.primanet.hu\/blog\/nagy-faba-vagjuk-a-fejszet-vagy-baltat-szekercet\/#primaryimage\"},\"thumbnailUrl\":\"https:\/\/www.primanet.hu\/blog\/wp-content\/uploads\/2018\/03\/fejsze.jpg\",\"datePublished\":\"2018-03-20T09:49:30+00:00\",\"dateModified\":\"2022-10-02T21:15:30+00:00\",\"description\":\"Seg\u00edt\u00fcnk eligazodni a fejsze, balta \u00e9s szekerce k\u00f6z\u00f6tti k\u00fcl\u00f6nbs\u00e9gekben, amelyeket \u00e9rdemes megismerni\u00fck azoknak, akik hasogatni val\u00f3 f\u00e1val k\u00fczdenek.\",\"breadcrumb\":{\"@id\":\"https:\/\/www.primanet.hu\/blog\/nagy-faba-vagjuk-a-fejszet-vagy-baltat-szekercet\/#breadcrumb\"},\"inLanguage\":\"hu\",\"potentialAction\":[{\"@type\":\"ReadAction\",\"target\":[\"https:\/\/www.primanet.hu\/blog\/nagy-faba-vagjuk-a-fejszet-vagy-baltat-szekercet\/\"]}]},{\"@type\":\"ImageObject\",\"inLanguage\":\"hu\",\"@id\":\"https:\/\/www.primanet.hu\/blog\/nagy-faba-vagjuk-a-fejszet-vagy-baltat-szekercet\/#primaryimage\",\"url\":\"https:\/\/www.primanet.hu\/blog\/wp-content\/uploads\/2018\/03\/fejsze.jpg\",\"contentUrl\":\"https:\/\/www.primanet.hu\/blog\/wp-content\/uploads\/2018\/03\/fejsze.jpg\",\"width\":1200,\"height\":630},{\"@type\":\"BreadcrumbList\",\"@id\":\"https:\/\/www.primanet.hu\/blog\/nagy-faba-vagjuk-a-fejszet-vagy-baltat-szekercet\/#breadcrumb\",\"itemListElement\":[{\"@type\":\"ListItem\",\"position\":1,\"name\":\"Home\",\"item\":\"https:\/\/www.primanet.hu\/blog\/\"},{\"@type\":\"ListItem\",\"position\":2,\"name\":\"Nagy f\u00e1ba v\u00e1gjuk a fejsz\u00e9t! Vagy balt\u00e1t? Szekerc\u00e9t?\"}]},{\"@type\":\"WebSite\",\"@id\":\"https:\/\/www.primanet.hu\/blog\/#website\",\"url\":\"https:\/\/www.primanet.hu\/blog\/\",\"name\":\"PrimaNet Blog\",\"description\":\"PrimaNet.hu online szak\u00e1ruh\u00e1z hivatalos blogja\",\"publisher\":{\"@id\":\"https:\/\/www.primanet.hu\/blog\/#organization\"},\"potentialAction\":[{\"@type\":\"SearchAction\",\"target\":{\"@type\":\"EntryPoint\",\"urlTemplate\":\"https:\/\/www.primanet.hu\/blog\/?s={search_term_string}\"},\"query-input\":{\"@type\":\"PropertyValueSpecification\",\"valueRequired\":true,\"valueName\":\"search_term_string\"}}],\"inLanguage\":\"hu\"},{\"@type\":\"Organization\",\"@id\":\"https:\/\/www.primanet.hu\/blog\/#organization\",\"name\":\"PrimaNet online szak\u00e1ruh\u00e1z BLOG\",\"url\":\"https:\/\/www.primanet.hu\/blog\/\",\"logo\":{\"@type\":\"ImageObject\",\"inLanguage\":\"hu\",\"@id\":\"https:\/\/www.primanet.hu\/blog\/#\/schema\/logo\/image\/\",\"url\":\"https:\/\/www.primanet.hu\/blog\/wp-content\/uploads\/2018\/12\/Primanet_logo_szines_nagy.png\",\"contentUrl\":\"https:\/\/www.primanet.hu\/blog\/wp-content\/uploads\/2018\/12\/Primanet_logo_szines_nagy.png\",\"width\":1000,\"height\":362,\"caption\":\"PrimaNet online szak\u00e1ruh\u00e1z BLOG\"},\"image\":{\"@id\":\"https:\/\/www.primanet.hu\/blog\/#\/schema\/logo\/image\/\"},\"sameAs\":[\"https:\/\/www.facebook.com\/primanetwebaruhaz\/\",\"https:\/\/x.com\/PrimaNetwebshop\",\"https:\/\/www.linkedin.com\/company\/primanet-online-szakaruhaz\/\"]},{\"@type\":\"Person\",\"@id\":\"https:\/\/www.primanet.hu\/blog\/#\/schema\/person\/d6a2e86571cf1e21fa8be916b2cf7900\",\"name\":\"Verh\u00f3czki Istv\u00e1n\",\"image\":{\"@type\":\"ImageObject\",\"inLanguage\":\"hu\",\"@id\":\"https:\/\/www.primanet.hu\/blog\/#\/schema\/person\/image\/\",\"url\":\"https:\/\/secure.gravatar.com\/avatar\/62ae24c2c33b0cfd548403f949501cda6493cdd61c8f85f6c15feed7debe40f9?s=96&d=mm&r=g\",\"contentUrl\":\"https:\/\/secure.gravatar.com\/avatar\/62ae24c2c33b0cfd548403f949501cda6493cdd61c8f85f6c15feed7debe40f9?s=96&d=mm&r=g\",\"caption\":\"Verh\u00f3czki Istv\u00e1n\"},\"url\":\"https:\/\/www.primanet.hu\/blog\/author\/verhoczki\/\"}]}<\/script>\n<!-- \/ Yoast SEO plugin. -->","yoast_head_json":{"title":"Nagy f\u00e1ba v\u00e1gjuk a fejsz\u00e9t! Vagy balt\u00e1t? Szekerc\u00e9t? | PrimaNet Blog","description":"Seg\u00edt\u00fcnk eligazodni a fejsze, balta \u00e9s szekerce k\u00f6z\u00f6tti k\u00fcl\u00f6nbs\u00e9gekben, amelyeket \u00e9rdemes megismerni\u00fck azoknak, akik hasogatni val\u00f3 f\u00e1val k\u00fczdenek.","robots":{"index":"index","follow":"follow","max-snippet":"max-snippet:-1","max-image-preview":"max-image-preview:large","max-video-preview":"max-video-preview:-1"},"canonical":"https:\/\/www.primanet.hu\/blog\/nagy-faba-vagjuk-a-fejszet-vagy-baltat-szekercet\/","og_locale":"hu_HU","og_type":"article","og_title":"Nagy f\u00e1ba v\u00e1gjuk a fejsz\u00e9t! Vagy balt\u00e1t? Szekerc\u00e9t? | PrimaNet Blog","og_description":"Seg\u00edt\u00fcnk eligazodni a fejsze, balta \u00e9s szekerce k\u00f6z\u00f6tti k\u00fcl\u00f6nbs\u00e9gekben, amelyeket \u00e9rdemes megismerni\u00fck azoknak, akik hasogatni val\u00f3 f\u00e1val k\u00fczdenek.","og_url":"https:\/\/www.primanet.hu\/blog\/nagy-faba-vagjuk-a-fejszet-vagy-baltat-szekercet\/","og_site_name":"PrimaNet Blog","article_publisher":"https:\/\/www.facebook.com\/primanetwebaruhaz\/","article_published_time":"2018-03-20T09:49:30+00:00","article_modified_time":"2022-10-02T21:15:30+00:00","og_image":[{"width":1200,"height":630,"url":"https:\/\/www.primanet.hu\/blog\/wp-content\/uploads\/2018\/03\/fejsze.jpg","type":"image\/jpeg"}],"author":"Verh\u00f3czki Istv\u00e1n","twitter_card":"summary_large_image","twitter_creator":"@PrimaNetwebshop","twitter_site":"@PrimaNetwebshop","twitter_misc":{"Szerz\u0151:":"Verh\u00f3czki Istv\u00e1n","Becs\u00fclt olvas\u00e1si id\u0151":"4 perc"},"schema":{"@context":"https:\/\/schema.org","@graph":[{"@type":"Article","@id":"https:\/\/www.primanet.hu\/blog\/nagy-faba-vagjuk-a-fejszet-vagy-baltat-szekercet\/#article","isPartOf":{"@id":"https:\/\/www.primanet.hu\/blog\/nagy-faba-vagjuk-a-fejszet-vagy-baltat-szekercet\/"},"author":{"name":"Verh\u00f3czki Istv\u00e1n","@id":"https:\/\/www.primanet.hu\/blog\/#\/schema\/person\/d6a2e86571cf1e21fa8be916b2cf7900"},"headline":"Nagy f\u00e1ba v\u00e1gjuk a fejsz\u00e9t! Vagy balt\u00e1t? Szekerc\u00e9t?","datePublished":"2018-03-20T09:49:30+00:00","dateModified":"2022-10-02T21:15:30+00:00","mainEntityOfPage":{"@id":"https:\/\/www.primanet.hu\/blog\/nagy-faba-vagjuk-a-fejszet-vagy-baltat-szekercet\/"},"wordCount":737,"publisher":{"@id":"https:\/\/www.primanet.hu\/blog\/#organization"},"image":{"@id":"https:\/\/www.primanet.hu\/blog\/nagy-faba-vagjuk-a-fejszet-vagy-baltat-szekercet\/#primaryimage"},"thumbnailUrl":"https:\/\/www.primanet.hu\/blog\/wp-content\/uploads\/2018\/03\/fejsze.jpg","keywords":["balta","fejsze","f\u0171r\u00e9sz","PrimaNet","szekerce"],"articleSection":["Cikkek","M\u0171hely"],"inLanguage":"hu"},{"@type":"WebPage","@id":"https:\/\/www.primanet.hu\/blog\/nagy-faba-vagjuk-a-fejszet-vagy-baltat-szekercet\/","url":"https:\/\/www.primanet.hu\/blog\/nagy-faba-vagjuk-a-fejszet-vagy-baltat-szekercet\/","name":"Nagy f\u00e1ba v\u00e1gjuk a fejsz\u00e9t! Vagy balt\u00e1t? Szekerc\u00e9t? | PrimaNet Blog","isPartOf":{"@id":"https:\/\/www.primanet.hu\/blog\/#website"},"primaryImageOfPage":{"@id":"https:\/\/www.primanet.hu\/blog\/nagy-faba-vagjuk-a-fejszet-vagy-baltat-szekercet\/#primaryimage"},"image":{"@id":"https:\/\/www.primanet.hu\/blog\/nagy-faba-vagjuk-a-fejszet-vagy-baltat-szekercet\/#primaryimage"},"thumbnailUrl":"https:\/\/www.primanet.hu\/blog\/wp-content\/uploads\/2018\/03\/fejsze.jpg","datePublished":"2018-03-20T09:49:30+00:00","dateModified":"2022-10-02T21:15:30+00:00","description":"Seg\u00edt\u00fcnk eligazodni a fejsze, balta \u00e9s szekerce k\u00f6z\u00f6tti k\u00fcl\u00f6nbs\u00e9gekben, amelyeket \u00e9rdemes megismerni\u00fck azoknak, akik hasogatni val\u00f3 f\u00e1val k\u00fczdenek.","breadcrumb":{"@id":"https:\/\/www.primanet.hu\/blog\/nagy-faba-vagjuk-a-fejszet-vagy-baltat-szekercet\/#breadcrumb"},"inLanguage":"hu","potentialAction":[{"@type":"ReadAction","target":["https:\/\/www.primanet.hu\/blog\/nagy-faba-vagjuk-a-fejszet-vagy-baltat-szekercet\/"]}]},{"@type":"ImageObject","inLanguage":"hu","@id":"https:\/\/www.primanet.hu\/blog\/nagy-faba-vagjuk-a-fejszet-vagy-baltat-szekercet\/#primaryimage","url":"https:\/\/www.primanet.hu\/blog\/wp-content\/uploads\/2018\/03\/fejsze.jpg","contentUrl":"https:\/\/www.primanet.hu\/blog\/wp-content\/uploads\/2018\/03\/fejsze.jpg","width":1200,"height":630},{"@type":"BreadcrumbList","@id":"https:\/\/www.primanet.hu\/blog\/nagy-faba-vagjuk-a-fejszet-vagy-baltat-szekercet\/#breadcrumb","itemListElement":[{"@type":"ListItem","position":1,"name":"Home","item":"https:\/\/www.primanet.hu\/blog\/"},{"@type":"ListItem","position":2,"name":"Nagy f\u00e1ba v\u00e1gjuk a fejsz\u00e9t! Vagy balt\u00e1t? Szekerc\u00e9t?"}]},{"@type":"WebSite","@id":"https:\/\/www.primanet.hu\/blog\/#website","url":"https:\/\/www.primanet.hu\/blog\/","name":"PrimaNet Blog","description":"PrimaNet.hu online szak\u00e1ruh\u00e1z hivatalos blogja","publisher":{"@id":"https:\/\/www.primanet.hu\/blog\/#organization"},"potentialAction":[{"@type":"SearchAction","target":{"@type":"EntryPoint","urlTemplate":"https:\/\/www.primanet.hu\/blog\/?s={search_term_string}"},"query-input":{"@type":"PropertyValueSpecification","valueRequired":true,"valueName":"search_term_string"}}],"inLanguage":"hu"},{"@type":"Organization","@id":"https:\/\/www.primanet.hu\/blog\/#organization","name":"PrimaNet online szak\u00e1ruh\u00e1z BLOG","url":"https:\/\/www.primanet.hu\/blog\/","logo":{"@type":"ImageObject","inLanguage":"hu","@id":"https:\/\/www.primanet.hu\/blog\/#\/schema\/logo\/image\/","url":"https:\/\/www.primanet.hu\/blog\/wp-content\/uploads\/2018\/12\/Primanet_logo_szines_nagy.png","contentUrl":"https:\/\/www.primanet.hu\/blog\/wp-content\/uploads\/2018\/12\/Primanet_logo_szines_nagy.png","width":1000,"height":362,"caption":"PrimaNet online szak\u00e1ruh\u00e1z BLOG"},"image":{"@id":"https:\/\/www.primanet.hu\/blog\/#\/schema\/logo\/image\/"},"sameAs":["https:\/\/www.facebook.com\/primanetwebaruhaz\/","https:\/\/x.com\/PrimaNetwebshop","https:\/\/www.linkedin.com\/company\/primanet-online-szakaruhaz\/"]},{"@type":"Person","@id":"https:\/\/www.primanet.hu\/blog\/#\/schema\/person\/d6a2e86571cf1e21fa8be916b2cf7900","name":"Verh\u00f3czki Istv\u00e1n","image":{"@type":"ImageObject","inLanguage":"hu","@id":"https:\/\/www.primanet.hu\/blog\/#\/schema\/person\/image\/","url":"https:\/\/secure.gravatar.com\/avatar\/62ae24c2c33b0cfd548403f949501cda6493cdd61c8f85f6c15feed7debe40f9?s=96&d=mm&r=g","contentUrl":"https:\/\/secure.gravatar.com\/avatar\/62ae24c2c33b0cfd548403f949501cda6493cdd61c8f85f6c15feed7debe40f9?s=96&d=mm&r=g","caption":"Verh\u00f3czki Istv\u00e1n"},"url":"https:\/\/www.primanet.hu\/blog\/author\/verhoczki\/"}]}},"_links":{"self":[{"href":"https:\/\/www.primanet.hu\/blog\/wp-json\/wp\/v2\/posts\/2800","targetHints":{"allow":["GET"]}}],"collection":[{"href":"https:\/\/www.primanet.hu\/blog\/wp-json\/wp\/v2\/posts"}],"about":[{"href":"https:\/\/www.primanet.hu\/blog\/wp-json\/wp\/v2\/types\/post"}],"author":[{"embeddable":true,"href":"https:\/\/www.primanet.hu\/blog\/wp-json\/wp\/v2\/users\/9"}],"replies":[{"embeddable":true,"href":"https:\/\/www.primanet.hu\/blog\/wp-json\/wp\/v2\/comments?post=2800"}],"version-history":[{"count":4,"href":"https:\/\/www.primanet.hu\/blog\/wp-json\/wp\/v2\/posts\/2800\/revisions"}],"predecessor-version":[{"id":4890,"href":"https:\/\/www.primanet.hu\/blog\/wp-json\/wp\/v2\/posts\/2800\/revisions\/4890"}],"wp:featuredmedia":[{"embeddable":true,"href":"https:\/\/www.primanet.hu\/blog\/wp-json\/wp\/v2\/media\/2810"}],"wp:attachment":[{"href":"https:\/\/www.primanet.hu\/blog\/wp-json\/wp\/v2\/media?parent=2800"}],"wp:term":[{"taxonomy":"category","embeddable":true,"href":"https:\/\/www.primanet.hu\/blog\/wp-json\/wp\/v2\/categories?post=2800"},{"taxonomy":"post_tag","embeddable":true,"href":"https:\/\/www.primanet.hu\/blog\/wp-json\/wp\/v2\/tags?post=2800"}],"curies":[{"name":"wp","href":"https:\/\/api.w.org\/{rel}","templated":true}]}}