{"id":1967,"date":"2017-08-24T11:49:01","date_gmt":"2017-08-24T11:49:01","guid":{"rendered":"https:\/\/primanetblog.hu\/?p=1967"},"modified":"2023-01-25T11:31:01","modified_gmt":"2023-01-25T10:31:01","slug":"hogyan-tegyuk-lakhatova-lakokocsit","status":"publish","type":"post","link":"https:\/\/www.primanet.hu\/blog\/hogyan-tegyuk-lakhatova-lakokocsit\/","title":{"rendered":"Hogyan tegy\u00fck lakhat\u00f3v\u00e1 a lak\u00f3kocsit?"},"content":{"rendered":"<p class=\"GOLDcikk\"><strong>Szabads\u00e1g, utaz\u00e1s, vil\u00e1gj\u00e1r\u00e1s \u2013 k\u00f6t\u00f6tts\u00e9gek n\u00e9lk\u00fcl? Vigy\u00fck magunkkal az otthonunkat lak\u00f3kocsival, \u00e9s a komfortr\u00f3l sem kell lemondanunk!<\/strong><\/p>\n<p class=\"GOLDcikk\">Ha r\u00e9g\u00f3ta v\u00e1gyunk arra, hogy aut\u00f3ba \u00fclve k\u00f6rbej\u00e1rjuk, ha nem is a vil\u00e1got, vagy a kontinenst. De legal\u00e1bb a t\u00e9rs\u00e9get, ahol \u00e9l\u00fcnk, terveinket mindig kereszt\u00fclh\u00fazt\u00e1k a k\u00f6t\u00f6tts\u00e9gek \u00e9s az alkalmazkod\u00e1si k\u00e9nyszer.<\/p>\n<p class=\"GOLDcikk\">A j\u00f3 h\u00edr, hogy nem kell t\u00f6bb\u00e9 sz\u00e1ll\u00e1sokkal bajl\u00f3dni. Kedv\u00fcnk szerint v\u00e1ltoztathatunk \u00fatiterveinken, ha lak\u00f3kocsival vagy lak\u00f3aut\u00f3val v\u00e1gunk neki a nagy kalandnak. Az \u00edgy kapott hatalmas szabads\u00e1gnak r\u00e1ad\u00e1sul nincs h\u00e1tul\u00fct\u0151je sem, ugyanis nem kell lemondanunk az alapvet\u0151 k\u00e9nyelemr\u0151l \u00e9s higi\u00e9ni\u00e1r\u00f3l, hiszen magunkkal vissz\u00fck az otthonunkat.<\/p>\n<h2>A lak\u00f3kocsi berendez\u00e9se<\/h2>\n<p class=\"GOLDcikk\">Fontos tudni, hogy a lak\u00f3kocsi mind\u00f6ssze egy vontatv\u00e1ny (f\u00e9lp\u00f3tkocsi), amit a saj\u00e1t aut\u00f3hoz kell csatolni, m\u00edg a lak\u00f3aut\u00f3 olyan j\u00e1rm\u0171, amely mag\u00e1ban foglalja az aut\u00f3t \u00e9s a lak\u00f3kocsit is. B\u00e1rmelyik mellett is d\u00f6nt\u00fcnk, a <a href=\"https:\/\/www.primanet.hu\/termekek\/kemping\/kemping-es-turista-felszerelesek\/\" target=\"_blank\" rel=\"noopener\">felszerelts\u00e9g\u00fck csak rajtunk m\u00falik<\/a>!<\/p>\n<p class=\"GOLDcikk\">Hogy fokozzuk a komfortot \u00e9s cs\u00f6kkents\u00fck az \u00faton felmer\u00fcl\u0151 k\u00f6lts\u00e9geket.\u00a0<a href=\"https:\/\/www.primanet.hu\/termekek\/jarmu\/lakoauto\/\" target=\"_blank\" rel=\"noopener\">Sz\u00e1mos term\u00e9k k\u00f6z\u00fcl v\u00e1laszthatunk<\/a>, mint p\u00e9ld\u00e1ul h\u0171t\u0151l\u00e1d\u00e1k, szivargy\u00fajt\u00f3r\u00f3l ind\u00edthat\u00f3 f\u0171t\u0151-h\u0171t\u0151 boxok, aut\u00f3s k\u00e1v\u00e9f\u0151z\u0151k, abszorpci\u00f3s h\u0171t\u0151szekr\u00e9nyek vagy \u00e9ppen az \u00fcl\u00e9sbor\u00edt\u00f3k!<\/p>\n<h2>Az \u00fcl\u00e9s k\u00e9nyelme<\/h2>\n<p class=\"GOLDcikk\">A hosszabb utakra j\u00f3 megold\u00e1s lehet egy <a href=\"https:\/\/www.primanet.hu\/termekek\/jarmu\/ulesfutes\/\" target=\"_blank\" rel=\"noopener\">szell\u0151ztet\u0151 \u00fcl\u00e9sbor\u00edt\u00f3.<\/a>\u00a0Mely egyszer\u0171en hozz\u00e1illeszthet\u0151 b\u00e1rmely g\u00e9pj\u00e1rm\u0171 \u00fcl\u00e9s\u00e9hez. A ny\u00e1ri melegben kellemes \u00fcl\u00e9st biztos\u00edt. Nem h\u0171t, hanem szell\u0151ztet, \u00edgy az \u00edz\u00fcleteknek sem \u00e1rt. A leveg\u0151t, a sz\u00f6vet belsej\u00e9ben megtal\u00e1lhat\u00f3 goly\u00f3kon kereszt\u00fcl \u00e1ramoltatja \u00e9s ez\u00e1ltal kellemes h\u0151\u00e9rzet keletkezik. Eg\u00e9szs\u00e9g\u00fcgyi szempontb\u00f3l a goly\u00f3s szerkezet, ide\u00e1lis a h\u00e1tf\u00e1j\u00e1ssal k\u00fczd\u0151k sz\u00e1m\u00e1ra.<\/p>\n<h2>Fesz\u00fclts\u00e9g\u00e1talak\u00edt\u00f3 a lak\u00f3kocsiba<\/h2>\n<p class=\"GOLDcikk\">A fesz\u00fclts\u00e9g\u00e1talak\u00edt\u00f3k ide\u00e1lis t\u00e1rsak, ezek 12 V-b\u00f3l h\u00e1l\u00f3zati fesz\u00fclts\u00e9get (230 V\/ 50 HZ) \u00e1ll\u00edtanak el\u0151, el\u0151ny\u00f6s tulajdons\u00e1gai az akkumul\u00e1tor-, r\u00f6vidz\u00e1rlat-, t\u00falmeleged\u00e9s-, valamint t\u00falterhel\u00e9s elleni v\u00e9delem, gyerekz\u00e1r. Tal\u00e1lni a k\u00edn\u00e1latban t\u00f6bbf\u00e9le cs\u00facsteljes\u00edtm\u00e9ny\u0171 k\u00e9sz\u00fcl\u00e9ket, vannak viszonylag <a href=\"https:\/\/www.primanet.hu\/termekek\/jarmu\/aramellatas\/PWS-020710-01\/sai-feszultsegatalakito-300600w-usb-aljzat-sai-600usb.html\">egyszer\u0171bb v\u00e1ltozatok<\/a>, \u00e9s amelyikbe m\u00e9g <a href=\"https:\/\/www.primanet.hu\/termekek\/jarmu\/aramellatas\/PWS-020710-01\/sai-feszultsegatalakito-300600w-usb-aljzat-sai-600usb.html\">mobiltelefont is csatlakoztathatunk<\/a> USB aljzat\u00e1nak k\u00f6sz\u00f6nhet\u0151en, maximum 1.000 mA-ig. Egyes <a href=\"https:\/\/www.primanet.hu\/termekek\/jarmu\/aramellatas\/\">interverekhez<\/a> telefonok, kamerat\u00f6lt\u0151k, notebook, kisebb t\u00e9v\u00e9, DVD lej\u00e1tsz\u00f3 \u00e9s ak\u00e1r nyomtat\u00f3 is csatlakoztathat\u00f3.<\/p>\n<p><img decoding=\"async\" class=\"aligncenter size-full wp-image-5261\" src=\"https:\/\/www.primanet.hu\/blog\/wp-content\/uploads\/2017\/08\/lakokocsi-primanet.jpg\" alt=\"lak\u00f3kocsi felszerel\u00e9se\" width=\"900\" height=\"584\" srcset=\"https:\/\/www.primanet.hu\/blog\/wp-content\/uploads\/2017\/08\/lakokocsi-primanet.jpg 900w, https:\/\/www.primanet.hu\/blog\/wp-content\/uploads\/2017\/08\/lakokocsi-primanet-300x195.jpg 300w, https:\/\/www.primanet.hu\/blog\/wp-content\/uploads\/2017\/08\/lakokocsi-primanet-768x498.jpg 768w, https:\/\/www.primanet.hu\/blog\/wp-content\/uploads\/2017\/08\/lakokocsi-primanet-585x380.jpg 585w\" sizes=\"(max-width: 900px) 100vw, 900px\" \/><\/p>\n<h2>F\u0151z\u00e9s a lak\u00f3kocsiban<\/h2>\n<p class=\"GOLDcikk\">T\u00f6bbf\u00e9le t\u00edpus\u00fa <a href=\"https:\/\/www.primanet.hu\/termekek\/haztartasi-gepek\/haztartasi-kisgepek\/italkeszito-keszulekek\/kavefozok\/kotyogos-kavefozok\/\">k\u00e1v\u00e9f\u0151z\u0151<\/a> is rendelkez\u00e9sre \u00e1ll, amelyeket lak\u00f3aut\u00f3kba, lak\u00f3kocsikba, teheraut\u00f3kba vagy ak\u00e1r haj\u00f3kba terveztek. V\u00e1laszthatunk olyan k\u00e9sz\u00fcl\u00e9ket is, amelyek nem csak k\u00e1v\u00e9, hanem <a href=\"https:\/\/www.primanet.hu\/termekek\/konyha-fozes\/kavefozok\/elektromos-kavefozok\/PWS-017897-01\/hauser-kavefozo-feher-c-915w.html\">teaf\u0151z\u00e9sre<\/a> is alkalmasak. Ezek legt\u00f6bbje \u00fczemeltethet\u0151k 24 V-r\u00f3l \u00e9s 12 V-r\u00f3l is. A biztons\u00e1gos t\u00e1rol\u00e1sr\u00f3l falra felfogat\u00f3 \u00e9s asztalra is r\u00f6gz\u00edthet\u0151 keret is rendelkez\u00e9sre \u00e1ll.<\/p>\n<p class=\"GOLDcikk\">\u200bA <a href=\"https:\/\/www.primanet.hu\/termekek\/haztartasi-gepek\/haztartasi-nagygepek\/tuzhelyek-sutok\/gazrezsok\/\">g\u00e1zf\u0151z\u0151<\/a> (g\u00e1zrezs\u00f3) n\u00e9lk\u00fcl\u00f6zhetetlen lak\u00f3kocsikba, lak\u00f3aut\u00f3kba, haj\u00f3kba \u00e9s ak\u00e1r egy kir\u00e1ndul\u00e1s, kempingez\u00e9s alkalm\u00e1val is magunkkal vihetj\u00fck. Az egyes k\u00e9sz\u00fcl\u00e9kek <a href=\"https:\/\/www.primanet.hu\/termekek\/haztartasi-gepek\/haztartasi-nagygepek\/tuzhelyek-sutok\/gazrezsok\/\">elt\u00e9r\u0151 sz\u00e1m\u00fa \u00e9g\u0151fejjel<\/a> rendelkeznek, mindegyik biztons\u00e1gi gy\u00fajt\u00e1si rendszerrel ell\u00e1tott, nyom\u00e1sszab\u00e1lyoz\u00f3val m\u0171k\u00f6dtethet\u0151ek. S\u0151t, <a href=\"https:\/\/www.primanet.hu\/termekek\/haztartasi-gepek\/haztartasi-nagygepek\/tuzhelyek-sutok\/gazrezsok\/\">mosogat\u00f3val egybe\u00e9p\u00edtett<\/a> verzi\u00f3t is v\u00e1s\u00e1rolhatunk.<\/p>\n<p class=\"GOLDcikk\">A <a href=\"https:\/\/www.primanet.hu\/termekek\/haztartasi-gepek\/haztartasi-nagygepek\/para-es-szagelszivok\/\">be\u00e9p\u00edthet\u0151 p\u00e1raelsz\u00edv\u00f3knak<\/a> h\u00e1la, az utaz\u00e1sok sor\u00e1n teljes felszerelts\u00e9ggel k\u00e9sz\u00edthet\u00fcnk \u00e9teleket \u00e9s sz\u00fcntethetj\u00fck meg a szagokat. Kialak\u00edt\u00e1s\u00e1nak \u00e9s kis s\u00faly\u00e1nak k\u00f6sz\u00f6nhet\u0151en rendk\u00edv\u00fcl egyszer\u0171 a felszerel\u00e9se. M\u0171k\u00f6d\u00e9si elve l\u00e9gcirkul\u00e1ci\u00f3s, teh\u00e1t az alul k\u00f6z\u00e9pen besz\u00edvott leveg\u0151t megtiszt\u00edtva a k\u00e9sz\u00fcl\u00e9k oldal\u00e1n f\u00fajja ki.<\/p>\n<p class=\"GOLDcikk\">Az \u00e9rt\u00e9keinkr\u0151l sem \u00e1rt gondoskodni, a \u200b lak\u00f3aut\u00f3kba, lak\u00f3kocsikba, teheraut\u00f3kba \u00e9p\u00edthet\u0151 <a href=\"https:\/\/www.primanet.hu\/termekek\/otthon-haz\/szefek-penzkazettak-kulcsdobozok\/\">sz\u00e9fek<\/a> seg\u00edtik meg\u0151rizni \u00e9rt\u00e9keinket, iratainkat, \u00edgy azokat az utaz\u00e1sok alkalm\u00e1val is biztons\u00e1gban tudhatjuk.<\/p>\n<h2>Gondoskodjunk a h\u0171t\u00e9sr\u0151l is!<\/h2>\n<p class=\"GOLDcikk\">Term\u00e9szetesen, h\u0171t\u0151re is sz\u00fcks\u00e9g\u00fcnk van a hossz\u00fa utakon. Nem csak az \u00e9telek \u00e9s italok frissen tart\u00e1sa miatt, hanem ak\u00e1r a gy\u00f3gyszerek helyes t\u00e1rol\u00e1s\u00e1nak \u00e9rdek\u00e9ben is. Sz\u00e1mos be\u00e9p\u00edthet\u0151 <a href=\"https:\/\/www.primanet.hu\/termekek\/konyha-fozes\/hutoszekrenyek\/kombinalt-hutoszekrenyek\/PWS-021534-01\/mpm-kombinalt-hutoszekreny-feher-mpm-46-cj-01h.html\">abszorpci\u00f3s mini h\u0171t\u0151szekr\u00e9ny<\/a> k\u00f6z\u00fcl v\u00e1laszthatunk, ak\u00e1r egy polcon elf\u00e9rnek, de bels\u0151 ter\u00fck viszont lehet\u0151v\u00e9 teszi, hogy viszonylag nagy mennyis\u00e9g\u0171 \u00e9telt \u00e9s italt t\u00e1roljunk benne. Ak\u00e1r nagy, 1,5 literes palackokat is. Ha nincs ekkora hely\u00fcnk, \u00e9rdemes <a href=\"https:\/\/www.primanet.hu\/termekek\/kemping\/hutotaskak-hutoladak\/PWS-034604-01\/mpm-mobil-huto-es-melegentarto-lada-35l-mpm-35-cbm-09y.html\" target=\"_blank\" rel=\"noopener\">h\u0171t\u0151boxot<\/a> elhelyezni a j\u00e1rm\u0171ben. A kompresszoros h\u0171t\u0151l\u00e1da bels\u0151 h\u0151m\u00e9rs\u00e9klet\u00e9t ak\u00e1r -22\u00b0C \u00e9s +10\u00b0C k\u00f6z\u00f6tt tudjuk be\u00e1ll\u00edtani, m\u00edg a <a href=\"https:\/\/www.primanet.hu\/termekek\/kemping\/hutotaskak-hutoladak\/\" target=\"_blank\" rel=\"noopener\">termoelektromos h\u0171t\u0151l\u00e1d\u00e1k<\/a> h\u0171t\u00e9s \u00e9s f\u0171t\u00e9s funkci\u00f3val is rendelkeznek<\/p>\n<p class=\"GOLDcikk\">Persze, takar\u00edtani itt is kell, szerencs\u00e9re az <a href=\"https:\/\/www.primanet.hu\/termekek\/otthon-haz\/porszivok\/porszivok\/PWS-035602-01\/ecg-vt-4220-3in1-tobbfunkcios-allo-porszivo-3in1-akkus.html\" target=\"_blank\" rel=\"noopener\">akkus aut\u00f3s porsz\u00edv\u00f3k<\/a> sz\u00e1raz \u00e9s nedves tiszt\u00edt\u00e1si funkci\u00f3kkal rendelkez\u0151 k\u00e9sz\u00fcl\u00e9kek, amelyek \u00edgy ide\u00e1lisak a g\u00e9pkocsiban t\u00f6rt\u00e9n\u0151 haszn\u00e1latra. De ugyan\u00edgy v\u00e1laszthatunk ak\u00e1r <a href=\"https:\/\/www.primanet.hu\/termekek\/otthon-haz\/porszivok\/\" target=\"_blank\" rel=\"noopener\">k\u00f6zponti porsz\u00edv\u00f3<\/a>t is.<\/p>\n<p class=\"GOLDcikk\">Ha tet\u0151kl\u00edm\u00e1t v\u00e1lasztunk, ne feledkezz\u00fcnk meg a belt\u00e9ri eloszt\u00f3 egys\u00e9gr\u0151l sem! A m\u00e9ret sem m\u00e1sodlagos szempont, pl\u00e1ne ha van a tet\u0151n antenn\u00e1nk vagy napelem\u00fcnk. \u00c9rdemes a tet\u0151kl\u00edma-ponyv\u00e1t helyezni, a 100% poli\u00e9szter anyagb\u00f3l k\u00e9sz\u00fclt v\u00e1ltozatok nagy v\u00e9delmet ny\u00fajtanak a k\u00f6rnyezeti szennyez\u0151d\u00e9sekt\u0151l.<\/p>\n<p class=\"GOLDcikk\">\n","protected":false},"excerpt":{"rendered":"<p>Szabads\u00e1g, utaz\u00e1s, vil\u00e1gj\u00e1r\u00e1s \u2013 k\u00f6t\u00f6tts\u00e9gek n\u00e9lk\u00fcl? Vigy\u00fck magunkkal az otthonunkat lak\u00f3kocsival, \u00e9s a komfortr\u00f3l sem kell lemondanunk! Ha r\u00e9g\u00f3ta v\u00e1gyunk arra, hogy&hellip;<\/p>\n","protected":false},"author":9,"featured_media":5260,"comment_status":"closed","ping_status":"closed","sticky":false,"template":"","format":"standard","meta":{"_lmt_disableupdate":"","_lmt_disable":"","footnotes":""},"categories":[2,5],"tags":[20,48,333,941,456,522,570,571],"class_list":["post-1967","post","type-post","status-publish","format-standard","has-post-thumbnail","hentry","category-cikkek","category-kemping-tura","tag-akkus-autos-porszivo","tag-beepitheto-paraelszivo","tag-kompresszios-hutolada","tag-lakokocsi","tag-primanet","tag-szellozteto-ulesborito","tag-tetoklima","tag-tetoklima-ponyva"],"yoast_head":"<!-- This site is optimized with the Yoast SEO plugin v26.5 - https:\/\/yoast.com\/wordpress\/plugins\/seo\/ -->\n<title>Hogyan tegy\u00fck lakhat\u00f3v\u00e1 a lak\u00f3kocsit? I PrimaNet Blog<\/title>\n<meta name=\"description\" content=\"Szabads\u00e1g, utaz\u00e1s, vil\u00e1gj\u00e1r\u00e1s \u2013 k\u00f6t\u00f6tts\u00e9gek n\u00e9lk\u00fcl? Vigy\u00fck magunkkal az otthonunkat lak\u00f3kocsival, \u00e9s a komfortr\u00f3l sem kell lemondanunk!\" \/>\n<meta name=\"robots\" content=\"index, follow, max-snippet:-1, max-image-preview:large, max-video-preview:-1\" \/>\n<link rel=\"canonical\" href=\"https:\/\/www.primanet.hu\/blog\/hogyan-tegyuk-lakhatova-lakokocsit\/\" \/>\n<meta property=\"og:locale\" content=\"hu_HU\" \/>\n<meta property=\"og:type\" content=\"article\" \/>\n<meta property=\"og:title\" content=\"Hogyan tegy\u00fck lakhat\u00f3v\u00e1 a lak\u00f3kocsit? I PrimaNet Blog\" \/>\n<meta property=\"og:description\" content=\"Szabads\u00e1g, utaz\u00e1s, vil\u00e1gj\u00e1r\u00e1s \u2013 k\u00f6t\u00f6tts\u00e9gek n\u00e9lk\u00fcl? Vigy\u00fck magunkkal az otthonunkat lak\u00f3kocsival, \u00e9s a komfortr\u00f3l sem kell lemondanunk!\" \/>\n<meta property=\"og:url\" content=\"https:\/\/www.primanet.hu\/blog\/hogyan-tegyuk-lakhatova-lakokocsit\/\" \/>\n<meta property=\"og:site_name\" content=\"PrimaNet Blog\" \/>\n<meta property=\"article:publisher\" content=\"https:\/\/www.facebook.com\/primanetwebaruhaz\/\" \/>\n<meta property=\"article:published_time\" content=\"2017-08-24T11:49:01+00:00\" \/>\n<meta property=\"article:modified_time\" content=\"2023-01-25T10:31:01+00:00\" \/>\n<meta property=\"og:image\" content=\"https:\/\/www.primanet.hu\/blog\/wp-content\/uploads\/2017\/08\/lakokocsi-berendezese-kemping-primanet.jpg\" \/>\n\t<meta property=\"og:image:width\" content=\"900\" \/>\n\t<meta property=\"og:image:height\" content=\"639\" \/>\n\t<meta property=\"og:image:type\" content=\"image\/jpeg\" \/>\n<meta name=\"author\" content=\"Verh\u00f3czki Istv\u00e1n\" \/>\n<meta name=\"twitter:card\" content=\"summary_large_image\" \/>\n<meta name=\"twitter:creator\" content=\"@PrimaNetwebshop\" \/>\n<meta name=\"twitter:site\" content=\"@PrimaNetwebshop\" \/>\n<meta name=\"twitter:label1\" content=\"Szerz\u0151:\" \/>\n\t<meta name=\"twitter:data1\" content=\"Verh\u00f3czki Istv\u00e1n\" \/>\n\t<meta name=\"twitter:label2\" content=\"Becs\u00fclt olvas\u00e1si id\u0151\" \/>\n\t<meta name=\"twitter:data2\" content=\"5 perc\" \/>\n<script type=\"application\/ld+json\" class=\"yoast-schema-graph\">{\"@context\":\"https:\/\/schema.org\",\"@graph\":[{\"@type\":\"Article\",\"@id\":\"https:\/\/www.primanet.hu\/blog\/hogyan-tegyuk-lakhatova-lakokocsit\/#article\",\"isPartOf\":{\"@id\":\"https:\/\/www.primanet.hu\/blog\/hogyan-tegyuk-lakhatova-lakokocsit\/\"},\"author\":{\"name\":\"Verh\u00f3czki Istv\u00e1n\",\"@id\":\"https:\/\/www.primanet.hu\/blog\/#\/schema\/person\/d6a2e86571cf1e21fa8be916b2cf7900\"},\"headline\":\"Hogyan tegy\u00fck lakhat\u00f3v\u00e1 a lak\u00f3kocsit?\",\"datePublished\":\"2017-08-24T11:49:01+00:00\",\"dateModified\":\"2023-01-25T10:31:01+00:00\",\"mainEntityOfPage\":{\"@id\":\"https:\/\/www.primanet.hu\/blog\/hogyan-tegyuk-lakhatova-lakokocsit\/\"},\"wordCount\":1042,\"publisher\":{\"@id\":\"https:\/\/www.primanet.hu\/blog\/#organization\"},\"image\":{\"@id\":\"https:\/\/www.primanet.hu\/blog\/hogyan-tegyuk-lakhatova-lakokocsit\/#primaryimage\"},\"thumbnailUrl\":\"https:\/\/www.primanet.hu\/blog\/wp-content\/uploads\/2017\/08\/lakokocsi-berendezese-kemping-primanet.jpg\",\"keywords\":[\"akkus aut\u00f3s porsz\u00edv\u00f3\",\"be\u00e9p\u00edthet\u0151 p\u00e1raelsz\u00edv\u00f3\",\"kompresszi\u00f3s h\u0171t\u0151l\u00e1da\",\"lak\u00f3kocsi\",\"PrimaNet\",\"szell\u0151ztet\u0151 \u00fcl\u00e9sbor\u00edt\u00f3\",\"tet\u0151kl\u00edma\",\"tet\u0151kl\u00edma-ponyva\"],\"articleSection\":[\"Cikkek\",\"Kemping - t\u00fara\"],\"inLanguage\":\"hu\"},{\"@type\":\"WebPage\",\"@id\":\"https:\/\/www.primanet.hu\/blog\/hogyan-tegyuk-lakhatova-lakokocsit\/\",\"url\":\"https:\/\/www.primanet.hu\/blog\/hogyan-tegyuk-lakhatova-lakokocsit\/\",\"name\":\"Hogyan tegy\u00fck lakhat\u00f3v\u00e1 a lak\u00f3kocsit? I PrimaNet Blog\",\"isPartOf\":{\"@id\":\"https:\/\/www.primanet.hu\/blog\/#website\"},\"primaryImageOfPage\":{\"@id\":\"https:\/\/www.primanet.hu\/blog\/hogyan-tegyuk-lakhatova-lakokocsit\/#primaryimage\"},\"image\":{\"@id\":\"https:\/\/www.primanet.hu\/blog\/hogyan-tegyuk-lakhatova-lakokocsit\/#primaryimage\"},\"thumbnailUrl\":\"https:\/\/www.primanet.hu\/blog\/wp-content\/uploads\/2017\/08\/lakokocsi-berendezese-kemping-primanet.jpg\",\"datePublished\":\"2017-08-24T11:49:01+00:00\",\"dateModified\":\"2023-01-25T10:31:01+00:00\",\"description\":\"Szabads\u00e1g, utaz\u00e1s, vil\u00e1gj\u00e1r\u00e1s \u2013 k\u00f6t\u00f6tts\u00e9gek n\u00e9lk\u00fcl? Vigy\u00fck magunkkal az otthonunkat lak\u00f3kocsival, \u00e9s a komfortr\u00f3l sem kell lemondanunk!\",\"breadcrumb\":{\"@id\":\"https:\/\/www.primanet.hu\/blog\/hogyan-tegyuk-lakhatova-lakokocsit\/#breadcrumb\"},\"inLanguage\":\"hu\",\"potentialAction\":[{\"@type\":\"ReadAction\",\"target\":[\"https:\/\/www.primanet.hu\/blog\/hogyan-tegyuk-lakhatova-lakokocsit\/\"]}]},{\"@type\":\"ImageObject\",\"inLanguage\":\"hu\",\"@id\":\"https:\/\/www.primanet.hu\/blog\/hogyan-tegyuk-lakhatova-lakokocsit\/#primaryimage\",\"url\":\"https:\/\/www.primanet.hu\/blog\/wp-content\/uploads\/2017\/08\/lakokocsi-berendezese-kemping-primanet.jpg\",\"contentUrl\":\"https:\/\/www.primanet.hu\/blog\/wp-content\/uploads\/2017\/08\/lakokocsi-berendezese-kemping-primanet.jpg\",\"width\":900,\"height\":639,\"caption\":\"hogyan tegy\u00fck k\u00e9nyelmesebb\u00e9 a lak\u00f3kocsit\"},{\"@type\":\"BreadcrumbList\",\"@id\":\"https:\/\/www.primanet.hu\/blog\/hogyan-tegyuk-lakhatova-lakokocsit\/#breadcrumb\",\"itemListElement\":[{\"@type\":\"ListItem\",\"position\":1,\"name\":\"Home\",\"item\":\"https:\/\/www.primanet.hu\/blog\/\"},{\"@type\":\"ListItem\",\"position\":2,\"name\":\"Hogyan tegy\u00fck lakhat\u00f3v\u00e1 a lak\u00f3kocsit?\"}]},{\"@type\":\"WebSite\",\"@id\":\"https:\/\/www.primanet.hu\/blog\/#website\",\"url\":\"https:\/\/www.primanet.hu\/blog\/\",\"name\":\"PrimaNet Blog\",\"description\":\"PrimaNet.hu online szak\u00e1ruh\u00e1z hivatalos blogja\",\"publisher\":{\"@id\":\"https:\/\/www.primanet.hu\/blog\/#organization\"},\"potentialAction\":[{\"@type\":\"SearchAction\",\"target\":{\"@type\":\"EntryPoint\",\"urlTemplate\":\"https:\/\/www.primanet.hu\/blog\/?s={search_term_string}\"},\"query-input\":{\"@type\":\"PropertyValueSpecification\",\"valueRequired\":true,\"valueName\":\"search_term_string\"}}],\"inLanguage\":\"hu\"},{\"@type\":\"Organization\",\"@id\":\"https:\/\/www.primanet.hu\/blog\/#organization\",\"name\":\"PrimaNet online szak\u00e1ruh\u00e1z BLOG\",\"url\":\"https:\/\/www.primanet.hu\/blog\/\",\"logo\":{\"@type\":\"ImageObject\",\"inLanguage\":\"hu\",\"@id\":\"https:\/\/www.primanet.hu\/blog\/#\/schema\/logo\/image\/\",\"url\":\"https:\/\/www.primanet.hu\/blog\/wp-content\/uploads\/2018\/12\/Primanet_logo_szines_nagy.png\",\"contentUrl\":\"https:\/\/www.primanet.hu\/blog\/wp-content\/uploads\/2018\/12\/Primanet_logo_szines_nagy.png\",\"width\":1000,\"height\":362,\"caption\":\"PrimaNet online szak\u00e1ruh\u00e1z BLOG\"},\"image\":{\"@id\":\"https:\/\/www.primanet.hu\/blog\/#\/schema\/logo\/image\/\"},\"sameAs\":[\"https:\/\/www.facebook.com\/primanetwebaruhaz\/\",\"https:\/\/x.com\/PrimaNetwebshop\",\"https:\/\/www.linkedin.com\/company\/primanet-online-szakaruhaz\/\"]},{\"@type\":\"Person\",\"@id\":\"https:\/\/www.primanet.hu\/blog\/#\/schema\/person\/d6a2e86571cf1e21fa8be916b2cf7900\",\"name\":\"Verh\u00f3czki Istv\u00e1n\",\"image\":{\"@type\":\"ImageObject\",\"inLanguage\":\"hu\",\"@id\":\"https:\/\/www.primanet.hu\/blog\/#\/schema\/person\/image\/\",\"url\":\"https:\/\/secure.gravatar.com\/avatar\/62ae24c2c33b0cfd548403f949501cda6493cdd61c8f85f6c15feed7debe40f9?s=96&d=mm&r=g\",\"contentUrl\":\"https:\/\/secure.gravatar.com\/avatar\/62ae24c2c33b0cfd548403f949501cda6493cdd61c8f85f6c15feed7debe40f9?s=96&d=mm&r=g\",\"caption\":\"Verh\u00f3czki Istv\u00e1n\"},\"url\":\"https:\/\/www.primanet.hu\/blog\/author\/verhoczki\/\"}]}<\/script>\n<!-- \/ Yoast SEO plugin. -->","yoast_head_json":{"title":"Hogyan tegy\u00fck lakhat\u00f3v\u00e1 a lak\u00f3kocsit? I PrimaNet Blog","description":"Szabads\u00e1g, utaz\u00e1s, vil\u00e1gj\u00e1r\u00e1s \u2013 k\u00f6t\u00f6tts\u00e9gek n\u00e9lk\u00fcl? Vigy\u00fck magunkkal az otthonunkat lak\u00f3kocsival, \u00e9s a komfortr\u00f3l sem kell lemondanunk!","robots":{"index":"index","follow":"follow","max-snippet":"max-snippet:-1","max-image-preview":"max-image-preview:large","max-video-preview":"max-video-preview:-1"},"canonical":"https:\/\/www.primanet.hu\/blog\/hogyan-tegyuk-lakhatova-lakokocsit\/","og_locale":"hu_HU","og_type":"article","og_title":"Hogyan tegy\u00fck lakhat\u00f3v\u00e1 a lak\u00f3kocsit? I PrimaNet Blog","og_description":"Szabads\u00e1g, utaz\u00e1s, vil\u00e1gj\u00e1r\u00e1s \u2013 k\u00f6t\u00f6tts\u00e9gek n\u00e9lk\u00fcl? Vigy\u00fck magunkkal az otthonunkat lak\u00f3kocsival, \u00e9s a komfortr\u00f3l sem kell lemondanunk!","og_url":"https:\/\/www.primanet.hu\/blog\/hogyan-tegyuk-lakhatova-lakokocsit\/","og_site_name":"PrimaNet Blog","article_publisher":"https:\/\/www.facebook.com\/primanetwebaruhaz\/","article_published_time":"2017-08-24T11:49:01+00:00","article_modified_time":"2023-01-25T10:31:01+00:00","og_image":[{"width":900,"height":639,"url":"https:\/\/www.primanet.hu\/blog\/wp-content\/uploads\/2017\/08\/lakokocsi-berendezese-kemping-primanet.jpg","type":"image\/jpeg"}],"author":"Verh\u00f3czki Istv\u00e1n","twitter_card":"summary_large_image","twitter_creator":"@PrimaNetwebshop","twitter_site":"@PrimaNetwebshop","twitter_misc":{"Szerz\u0151:":"Verh\u00f3czki Istv\u00e1n","Becs\u00fclt olvas\u00e1si id\u0151":"5 perc"},"schema":{"@context":"https:\/\/schema.org","@graph":[{"@type":"Article","@id":"https:\/\/www.primanet.hu\/blog\/hogyan-tegyuk-lakhatova-lakokocsit\/#article","isPartOf":{"@id":"https:\/\/www.primanet.hu\/blog\/hogyan-tegyuk-lakhatova-lakokocsit\/"},"author":{"name":"Verh\u00f3czki Istv\u00e1n","@id":"https:\/\/www.primanet.hu\/blog\/#\/schema\/person\/d6a2e86571cf1e21fa8be916b2cf7900"},"headline":"Hogyan tegy\u00fck lakhat\u00f3v\u00e1 a lak\u00f3kocsit?","datePublished":"2017-08-24T11:49:01+00:00","dateModified":"2023-01-25T10:31:01+00:00","mainEntityOfPage":{"@id":"https:\/\/www.primanet.hu\/blog\/hogyan-tegyuk-lakhatova-lakokocsit\/"},"wordCount":1042,"publisher":{"@id":"https:\/\/www.primanet.hu\/blog\/#organization"},"image":{"@id":"https:\/\/www.primanet.hu\/blog\/hogyan-tegyuk-lakhatova-lakokocsit\/#primaryimage"},"thumbnailUrl":"https:\/\/www.primanet.hu\/blog\/wp-content\/uploads\/2017\/08\/lakokocsi-berendezese-kemping-primanet.jpg","keywords":["akkus aut\u00f3s porsz\u00edv\u00f3","be\u00e9p\u00edthet\u0151 p\u00e1raelsz\u00edv\u00f3","kompresszi\u00f3s h\u0171t\u0151l\u00e1da","lak\u00f3kocsi","PrimaNet","szell\u0151ztet\u0151 \u00fcl\u00e9sbor\u00edt\u00f3","tet\u0151kl\u00edma","tet\u0151kl\u00edma-ponyva"],"articleSection":["Cikkek","Kemping - t\u00fara"],"inLanguage":"hu"},{"@type":"WebPage","@id":"https:\/\/www.primanet.hu\/blog\/hogyan-tegyuk-lakhatova-lakokocsit\/","url":"https:\/\/www.primanet.hu\/blog\/hogyan-tegyuk-lakhatova-lakokocsit\/","name":"Hogyan tegy\u00fck lakhat\u00f3v\u00e1 a lak\u00f3kocsit? I PrimaNet Blog","isPartOf":{"@id":"https:\/\/www.primanet.hu\/blog\/#website"},"primaryImageOfPage":{"@id":"https:\/\/www.primanet.hu\/blog\/hogyan-tegyuk-lakhatova-lakokocsit\/#primaryimage"},"image":{"@id":"https:\/\/www.primanet.hu\/blog\/hogyan-tegyuk-lakhatova-lakokocsit\/#primaryimage"},"thumbnailUrl":"https:\/\/www.primanet.hu\/blog\/wp-content\/uploads\/2017\/08\/lakokocsi-berendezese-kemping-primanet.jpg","datePublished":"2017-08-24T11:49:01+00:00","dateModified":"2023-01-25T10:31:01+00:00","description":"Szabads\u00e1g, utaz\u00e1s, vil\u00e1gj\u00e1r\u00e1s \u2013 k\u00f6t\u00f6tts\u00e9gek n\u00e9lk\u00fcl? Vigy\u00fck magunkkal az otthonunkat lak\u00f3kocsival, \u00e9s a komfortr\u00f3l sem kell lemondanunk!","breadcrumb":{"@id":"https:\/\/www.primanet.hu\/blog\/hogyan-tegyuk-lakhatova-lakokocsit\/#breadcrumb"},"inLanguage":"hu","potentialAction":[{"@type":"ReadAction","target":["https:\/\/www.primanet.hu\/blog\/hogyan-tegyuk-lakhatova-lakokocsit\/"]}]},{"@type":"ImageObject","inLanguage":"hu","@id":"https:\/\/www.primanet.hu\/blog\/hogyan-tegyuk-lakhatova-lakokocsit\/#primaryimage","url":"https:\/\/www.primanet.hu\/blog\/wp-content\/uploads\/2017\/08\/lakokocsi-berendezese-kemping-primanet.jpg","contentUrl":"https:\/\/www.primanet.hu\/blog\/wp-content\/uploads\/2017\/08\/lakokocsi-berendezese-kemping-primanet.jpg","width":900,"height":639,"caption":"hogyan tegy\u00fck k\u00e9nyelmesebb\u00e9 a lak\u00f3kocsit"},{"@type":"BreadcrumbList","@id":"https:\/\/www.primanet.hu\/blog\/hogyan-tegyuk-lakhatova-lakokocsit\/#breadcrumb","itemListElement":[{"@type":"ListItem","position":1,"name":"Home","item":"https:\/\/www.primanet.hu\/blog\/"},{"@type":"ListItem","position":2,"name":"Hogyan tegy\u00fck lakhat\u00f3v\u00e1 a lak\u00f3kocsit?"}]},{"@type":"WebSite","@id":"https:\/\/www.primanet.hu\/blog\/#website","url":"https:\/\/www.primanet.hu\/blog\/","name":"PrimaNet Blog","description":"PrimaNet.hu online szak\u00e1ruh\u00e1z hivatalos blogja","publisher":{"@id":"https:\/\/www.primanet.hu\/blog\/#organization"},"potentialAction":[{"@type":"SearchAction","target":{"@type":"EntryPoint","urlTemplate":"https:\/\/www.primanet.hu\/blog\/?s={search_term_string}"},"query-input":{"@type":"PropertyValueSpecification","valueRequired":true,"valueName":"search_term_string"}}],"inLanguage":"hu"},{"@type":"Organization","@id":"https:\/\/www.primanet.hu\/blog\/#organization","name":"PrimaNet online szak\u00e1ruh\u00e1z BLOG","url":"https:\/\/www.primanet.hu\/blog\/","logo":{"@type":"ImageObject","inLanguage":"hu","@id":"https:\/\/www.primanet.hu\/blog\/#\/schema\/logo\/image\/","url":"https:\/\/www.primanet.hu\/blog\/wp-content\/uploads\/2018\/12\/Primanet_logo_szines_nagy.png","contentUrl":"https:\/\/www.primanet.hu\/blog\/wp-content\/uploads\/2018\/12\/Primanet_logo_szines_nagy.png","width":1000,"height":362,"caption":"PrimaNet online szak\u00e1ruh\u00e1z BLOG"},"image":{"@id":"https:\/\/www.primanet.hu\/blog\/#\/schema\/logo\/image\/"},"sameAs":["https:\/\/www.facebook.com\/primanetwebaruhaz\/","https:\/\/x.com\/PrimaNetwebshop","https:\/\/www.linkedin.com\/company\/primanet-online-szakaruhaz\/"]},{"@type":"Person","@id":"https:\/\/www.primanet.hu\/blog\/#\/schema\/person\/d6a2e86571cf1e21fa8be916b2cf7900","name":"Verh\u00f3czki Istv\u00e1n","image":{"@type":"ImageObject","inLanguage":"hu","@id":"https:\/\/www.primanet.hu\/blog\/#\/schema\/person\/image\/","url":"https:\/\/secure.gravatar.com\/avatar\/62ae24c2c33b0cfd548403f949501cda6493cdd61c8f85f6c15feed7debe40f9?s=96&d=mm&r=g","contentUrl":"https:\/\/secure.gravatar.com\/avatar\/62ae24c2c33b0cfd548403f949501cda6493cdd61c8f85f6c15feed7debe40f9?s=96&d=mm&r=g","caption":"Verh\u00f3czki Istv\u00e1n"},"url":"https:\/\/www.primanet.hu\/blog\/author\/verhoczki\/"}]}},"_links":{"self":[{"href":"https:\/\/www.primanet.hu\/blog\/wp-json\/wp\/v2\/posts\/1967","targetHints":{"allow":["GET"]}}],"collection":[{"href":"https:\/\/www.primanet.hu\/blog\/wp-json\/wp\/v2\/posts"}],"about":[{"href":"https:\/\/www.primanet.hu\/blog\/wp-json\/wp\/v2\/types\/post"}],"author":[{"embeddable":true,"href":"https:\/\/www.primanet.hu\/blog\/wp-json\/wp\/v2\/users\/9"}],"replies":[{"embeddable":true,"href":"https:\/\/www.primanet.hu\/blog\/wp-json\/wp\/v2\/comments?post=1967"}],"version-history":[{"count":6,"href":"https:\/\/www.primanet.hu\/blog\/wp-json\/wp\/v2\/posts\/1967\/revisions"}],"predecessor-version":[{"id":5262,"href":"https:\/\/www.primanet.hu\/blog\/wp-json\/wp\/v2\/posts\/1967\/revisions\/5262"}],"wp:featuredmedia":[{"embeddable":true,"href":"https:\/\/www.primanet.hu\/blog\/wp-json\/wp\/v2\/media\/5260"}],"wp:attachment":[{"href":"https:\/\/www.primanet.hu\/blog\/wp-json\/wp\/v2\/media?parent=1967"}],"wp:term":[{"taxonomy":"category","embeddable":true,"href":"https:\/\/www.primanet.hu\/blog\/wp-json\/wp\/v2\/categories?post=1967"},{"taxonomy":"post_tag","embeddable":true,"href":"https:\/\/www.primanet.hu\/blog\/wp-json\/wp\/v2\/tags?post=1967"}],"curies":[{"name":"wp","href":"https:\/\/api.w.org\/{rel}","templated":true}]}}